{"id":21470,"date":"2014-07-15T12:24:21","date_gmt":"2014-07-15T17:24:21","guid":{"rendered":"http:\/\/www.ambiente.gob.ec\/?p=21470"},"modified":"2014-07-17T15:19:47","modified_gmt":"2014-07-17T20:19:47","slug":"mae-suscribio-un-convenio-interinstitucional-con-la-fundacion-scouts-del-ecuador","status":"publish","type":"post","link":"https:\/\/www.ambienteyenergia.gob.ec\/ambiente\/mae-suscribio-un-convenio-interinstitucional-con-la-fundacion-scouts-del-ecuador\/","title":{"rendered":"MAE suscribi\u00f3 un convenio interinstitucional con la Fundaci\u00f3n Scouts del Ecuador"},"content":{"rendered":"<p style=\"text-align: justify;\">Con el objetivo de establecer acciones conjuntas y sumar esfuerzos, la Ministra del Ambiente, Lorena Tapia y Robert Moss, Director Ejecutivo de la Fundaci\u00f3n Scouts, suscribieron hoy un convenio de cooperaci\u00f3n interinstitucional que busca principalmente aportar a la conservaci\u00f3n del patrimonio natural del pa\u00eds.<\/p>\n<p style=\"text-align: justify;\">En ese sentido, la M\u00e1xima Autoridad Ambiental mencion\u00f3 que durante este a\u00f1o el MAE realiz\u00f3 algunos acercamientos con la Fundaci\u00f3n Scouts del Ecuador. Entre ellos, una jornada de restauraci\u00f3n, en la que se sembraron alrededor de 23 500 \u00e1rboles, en cinco ciudades distintas, reforestando siete hect\u00e1reas en total. \u00abPara m\u00ed ese d\u00eda signific\u00f3 mucho, pues ver a los j\u00f3venes restaurando me permiti\u00f3 tener un primer contacto. Por ello, hoy hemos decidido suscribir este convenio que va a permitir actuar en otras \u00e1reas\u00bb, asegur\u00f3 Tapia.<\/p>\n<p style=\"text-align: justify;\">Esta alianza estrat\u00e9gica se enfocar\u00e1 principalmente en las campa\u00f1as de reforestaci\u00f3n &#8216;Sembrando Futuro&#8217; y en la de Limpieza de playas &#8216;Sin dejar Huella&#8217;. Asimismo, se trabajar\u00e1 de forma conjunta en la conservaci\u00f3n y mantenimiento de las \u00e1reas protegidas del Ecuador, a trav\u00e9s de proyectos de educaci\u00f3n ambiental.<\/p>\n<p style=\"text-align: justify;\">La Ministra explic\u00f3 sobre el compromiso del Ministerio del Ambiente en cuanto a la limpieza de playas. \u00abNo se trata de una campa\u00f1a puntual sino de un trabajo permanente de la Autoridad Ambiental, que va m\u00e1s all\u00e1 de limpiar las playas, pues es una labor de educaci\u00f3n ambiental\u00bb.<\/p>\n<p style=\"text-align: justify;\">Con esta iniciativa se busca concienciar a la ciudadan\u00eda sobre la importancia de proteger los recursos naturales, replicando m\u00e1s acciones que aporten a la construcci\u00f3n de un Ecuador Verde. \u00abQue mejor que los j\u00f3venes scouts puedan ser portadores de este mensaje de conservaci\u00f3n\u00bb, asegur\u00f3 la Secretaria de Estado.<\/p>\n<p style=\"text-align: justify;\">Por su parte, Moss se\u00f1al\u00f3 la importancia de este acuerdo. \u00abSe trata de promover una cultura de respeto, de pasi\u00f3n por la naturaleza\u00bb, ratific\u00f3. De la misma forma, agradeci\u00f3 el inter\u00e9s de la Ministra del Ambiente en suscribir este convenio que beneficia a todos.<\/p>\n<p style=\"text-align: justify;\">Para finalizar, la Ministra Tapia recalc\u00f3 que ning\u00fan esfuerzo es suficiente si no va de la mano con la concienciaci\u00f3n de la ciudadan\u00eda y la colaboraci\u00f3n de m\u00e1s instituciones, por lo que invit\u00f3 a todos los ecuatorianos a sumarse a este objetivo com\u00fan: consolidar un Ecuador m\u00e1s verde.<\/p>\n","protected":false},"excerpt":{"rendered":"<p class=\"excerpt\">Con el objetivo de establecer acciones conjuntas y sumar esfuerzos, la Ministra del Ambiente, Lorena Tapia y Robert Moss, Director Ejecutivo de la Fundaci\u00f3n Scouts, suscribieron hoy un convenio de cooperaci\u00f3n interinstitucional que busca principalmente aportar a la conservaci\u00f3n del patrimonio natural del pa\u00eds. En ese sentido, la M\u00e1xima Autoridad Ambiental mencion\u00f3 que durante este a\u00f1o el MAE realiz\u00f3 algunos&hellip; <a href=\"https:\/\/www.ambienteyenergia.gob.ec\/ambiente\/mae-suscribio-un-convenio-interinstitucional-con-la-fundacion-scouts-del-ecuador\/\">Read more &rarr;<\/a><\/p>\n","protected":false},"author":13,"featured_media":21471,"comment_status":"open","ping_status":"open","sticky":false,"template":"","format":"standard","meta":{"footnotes":""},"categories":[16,4],"tags":[],"class_list":["post-21470","post","type-post","status-publish","format-standard","has-post-thumbnail","hentry","category-comunicamos","category-noticias","xfolkentry"],"_links":{"self":[{"href":"https:\/\/www.ambienteyenergia.gob.ec\/ambiente\/wp-json\/wp\/v2\/posts\/21470","targetHints":{"allow":["GET"]}}],"collection":[{"href":"https:\/\/www.ambienteyenergia.gob.ec\/ambiente\/wp-json\/wp\/v2\/posts"}],"about":[{"href":"https:\/\/www.ambienteyenergia.gob.ec\/ambiente\/wp-json\/wp\/v2\/types\/post"}],"author":[{"embeddable":true,"href":"https:\/\/www.ambienteyenergia.gob.ec\/ambiente\/wp-json\/wp\/v2\/users\/13"}],"replies":[{"embeddable":true,"href":"https:\/\/www.ambienteyenergia.gob.ec\/ambiente\/wp-json\/wp\/v2\/comments?post=21470"}],"version-history":[{"count":0,"href":"https:\/\/www.ambienteyenergia.gob.ec\/ambiente\/wp-json\/wp\/v2\/posts\/21470\/revisions"}],"wp:featuredmedia":[{"embeddable":true,"href":"https:\/\/www.ambienteyenergia.gob.ec\/ambiente\/wp-json\/wp\/v2\/media\/21471"}],"wp:attachment":[{"href":"https:\/\/www.ambienteyenergia.gob.ec\/ambiente\/wp-json\/wp\/v2\/media?parent=21470"}],"wp:term":[{"taxonomy":"category","embeddable":true,"href":"https:\/\/www.ambienteyenergia.gob.ec\/ambiente\/wp-json\/wp\/v2\/categories?post=21470"},{"taxonomy":"post_tag","embeddable":true,"href":"https:\/\/www.ambienteyenergia.gob.ec\/ambiente\/wp-json\/wp\/v2\/tags?post=21470"}],"curies":[{"name":"wp","href":"https:\/\/api.w.org\/{rel}","templated":true}]}}