{"id":21466,"date":"2014-07-14T16:49:48","date_gmt":"2014-07-14T21:49:48","guid":{"rendered":"http:\/\/www.ambiente.gob.ec\/?p=21466"},"modified":"2014-07-14T16:50:19","modified_gmt":"2014-07-14T21:50:19","slug":"mae-socializa-procedimientos-de-verificacion-de-origen-y-destino-final-de-productos-forestales-en-imbabura","status":"publish","type":"post","link":"https:\/\/www.ambienteyenergia.gob.ec\/ambiente\/mae-socializa-procedimientos-de-verificacion-de-origen-y-destino-final-de-productos-forestales-en-imbabura\/","title":{"rendered":"MAE socializa procedimientos de verificaci\u00f3n de origen y destino final de productos forestales en Imbabura"},"content":{"rendered":"<p style=\"text-align: justify;\">El Ministerio del Ambiente de Ecuador (MAE), a trav\u00e9s de la Direcci\u00f3n Provincial del Ambiente de Imbabura, realiz\u00f3 la Socializaci\u00f3n y Capacitaci\u00f3n del Acuerdo Ministerial N\u00b0 049 sobre Destino Final de Productos Forestales, con el apoyo de t\u00e9cnicos de esta Cartera de Estado y en coordinaci\u00f3n con TRAFFIC.<\/p>\n<p style=\"text-align: justify;\">Este evento que cont\u00f3 con la participaci\u00f3n del Director de la Unidad Forestal, Luis Fernando D\u00edaz y con el Director Provincial del Ambiente, Segundo Fuentes, se desarroll\u00f3 en el Hotel Montecarlo de la ciudad de Ibarra, la presencia de 35 actores forestales de Imbabura.<\/p>\n<p style=\"text-align: justify;\">El objetivo de este encuentro fue el de informar cuales son los procedimientos t\u00e9cnicos y administrativos para la verificaci\u00f3n del origen y destino final de los productos forestales que se producen en esta provincia y a nivel nacional, con el fin de asegurar que el comercio de madera cumpla con los par\u00e1metros establecidos en la legislaci\u00f3n ambiental, por medio del Acuerdo Ministerial N\u00b0 049.<\/p>\n","protected":false},"excerpt":{"rendered":"<p class=\"excerpt\">El Ministerio del Ambiente de Ecuador (MAE), a trav\u00e9s de la Direcci\u00f3n Provincial del Ambiente de Imbabura, realiz\u00f3 la Socializaci\u00f3n y Capacitaci\u00f3n del Acuerdo Ministerial N\u00b0 049 sobre Destino Final de Productos Forestales, con el apoyo de t\u00e9cnicos de esta Cartera de Estado y en coordinaci\u00f3n con TRAFFIC. Este evento que cont\u00f3 con la participaci\u00f3n del Director de la Unidad&hellip; <a href=\"https:\/\/www.ambienteyenergia.gob.ec\/ambiente\/mae-socializa-procedimientos-de-verificacion-de-origen-y-destino-final-de-productos-forestales-en-imbabura\/\">Read more &rarr;<\/a><\/p>\n","protected":false},"author":13,"featured_media":21467,"comment_status":"open","ping_status":"open","sticky":false,"template":"","format":"standard","meta":{"footnotes":""},"categories":[16,4],"tags":[],"class_list":["post-21466","post","type-post","status-publish","format-standard","has-post-thumbnail","hentry","category-comunicamos","category-noticias","xfolkentry"],"_links":{"self":[{"href":"https:\/\/www.ambienteyenergia.gob.ec\/ambiente\/wp-json\/wp\/v2\/posts\/21466","targetHints":{"allow":["GET"]}}],"collection":[{"href":"https:\/\/www.ambienteyenergia.gob.ec\/ambiente\/wp-json\/wp\/v2\/posts"}],"about":[{"href":"https:\/\/www.ambienteyenergia.gob.ec\/ambiente\/wp-json\/wp\/v2\/types\/post"}],"author":[{"embeddable":true,"href":"https:\/\/www.ambienteyenergia.gob.ec\/ambiente\/wp-json\/wp\/v2\/users\/13"}],"replies":[{"embeddable":true,"href":"https:\/\/www.ambienteyenergia.gob.ec\/ambiente\/wp-json\/wp\/v2\/comments?post=21466"}],"version-history":[{"count":0,"href":"https:\/\/www.ambienteyenergia.gob.ec\/ambiente\/wp-json\/wp\/v2\/posts\/21466\/revisions"}],"wp:featuredmedia":[{"embeddable":true,"href":"https:\/\/www.ambienteyenergia.gob.ec\/ambiente\/wp-json\/wp\/v2\/media\/21467"}],"wp:attachment":[{"href":"https:\/\/www.ambienteyenergia.gob.ec\/ambiente\/wp-json\/wp\/v2\/media?parent=21466"}],"wp:term":[{"taxonomy":"category","embeddable":true,"href":"https:\/\/www.ambienteyenergia.gob.ec\/ambiente\/wp-json\/wp\/v2\/categories?post=21466"},{"taxonomy":"post_tag","embeddable":true,"href":"https:\/\/www.ambienteyenergia.gob.ec\/ambiente\/wp-json\/wp\/v2\/tags?post=21466"}],"curies":[{"name":"wp","href":"https:\/\/api.w.org\/{rel}","templated":true}]}}