{"id":21461,"date":"2014-07-14T16:46:22","date_gmt":"2014-07-14T21:46:22","guid":{"rendered":"http:\/\/www.ambiente.gob.ec\/?p=21461"},"modified":"2014-07-14T16:47:30","modified_gmt":"2014-07-14T21:47:30","slug":"equipo-del-proyecto-checc-visito-la-central-hidroelectrica-delsitanisagua","status":"publish","type":"post","link":"https:\/\/www.ambienteyenergia.gob.ec\/ambiente\/equipo-del-proyecto-checc-visito-la-central-hidroelectrica-delsitanisagua\/","title":{"rendered":"Equipo del proyecto CHECC visit\u00f3 la Central Hidroel\u00e9ctrica Delsitanisagua"},"content":{"rendered":"<p style=\"text-align: justify;\">En el marco del proyecto \u201cAn\u00e1lisis de Vulnerabilidad de las Centrales Hidroel\u00e9ctricas emblem\u00e1ticas ante los efectos del Cambio Clim\u00e1tico en siete subcuencas hidrogr\u00e1ficas del Ecuador\u201d (CHECC), liderado por la Subsecretar\u00eda de Cambio Clim\u00e1tico del Ministerio del Ambiente (MAE), se realiz\u00f3 una visita t\u00e9cnica a la central hidroel\u00e9ctrica Delsitanisagua, ubicada en la provincia de Zamora Chinchipe, con el objetivo de mantener reuniones bilaterales con las distintas instituciones involucradas en el proyecto, como CELEC EP GENSUR, Gobierno Provincial de Loja (GPL), Gobierno Provincial de Zamora (GPZ), MAE Zamora, Cooperaci\u00f3n T\u00e9cnica Alemana (GIZ) de Zamora.<\/p>\n<p style=\"text-align: justify;\">En la visita particip\u00f3 el equipo t\u00e9cnico y coordinador del proyecto (Bol\u00edvar Erazo, Nicol\u00e1s Zambrano y Natalie Gerlach), junto con la GIZ y el equipo consultor del CIAT (Centro Internacional de Agricultura Tropical), quienes iniciaron en el mes de julio el an\u00e1lisis de vulnerabilidad de la central hidroel\u00e9ctrica emblem\u00e1tica Delsitanisagua (Potencia estimada de 180MW).<\/p>\n<p style=\"text-align: justify;\">Como resultado de la visita, se pudo complementar la base de datos con la informaci\u00f3n brindada por las distintas instituciones, para proceder con el primer y segundo objetivo espec\u00edfico del estudio: 1) Identificar y caracterizar el clima actual y futuro 2) Disponer de las proyecciones de caudales y sedimentos.<\/p>\n<p style=\"text-align: justify;\">Esta iniciativa est\u00e1 enmarcada y alineada al Cambio de Matriz Energ\u00e9tica del Ecuador, al Plan Nacional de Desarrollo para el Buen Vivir, las prioridades establecidas en la Estrategia Nacional de Cambio Clim\u00e1tico y en el Plan Nacional de Cambio Clim\u00e1tico.<\/p>\n<p style=\"text-align: justify;\">Su objetivo principal es analizar la vulnerabilidad ante el cambio clim\u00e1tico de las hidroel\u00e9ctricas y proponer medidas a nivel de cuencas hidrogr\u00e1ficas que puedan adoptarse para minimizar los impactos del calentamiento global en la provisi\u00f3n de energ\u00eda.<\/p>\n","protected":false},"excerpt":{"rendered":"<p class=\"excerpt\">En el marco del proyecto \u201cAn\u00e1lisis de Vulnerabilidad de las Centrales Hidroel\u00e9ctricas emblem\u00e1ticas ante los efectos del Cambio Clim\u00e1tico en siete subcuencas hidrogr\u00e1ficas del Ecuador\u201d (CHECC), liderado por la Subsecretar\u00eda de Cambio Clim\u00e1tico del Ministerio del Ambiente (MAE), se realiz\u00f3 una visita t\u00e9cnica a la central hidroel\u00e9ctrica Delsitanisagua, ubicada en la provincia de Zamora Chinchipe, con el objetivo de mantener&hellip; <a href=\"https:\/\/www.ambienteyenergia.gob.ec\/ambiente\/equipo-del-proyecto-checc-visito-la-central-hidroelectrica-delsitanisagua\/\">Read more &rarr;<\/a><\/p>\n","protected":false},"author":13,"featured_media":21462,"comment_status":"open","ping_status":"open","sticky":false,"template":"","format":"standard","meta":{"footnotes":""},"categories":[16,4],"tags":[],"class_list":["post-21461","post","type-post","status-publish","format-standard","has-post-thumbnail","hentry","category-comunicamos","category-noticias","xfolkentry"],"_links":{"self":[{"href":"https:\/\/www.ambienteyenergia.gob.ec\/ambiente\/wp-json\/wp\/v2\/posts\/21461","targetHints":{"allow":["GET"]}}],"collection":[{"href":"https:\/\/www.ambienteyenergia.gob.ec\/ambiente\/wp-json\/wp\/v2\/posts"}],"about":[{"href":"https:\/\/www.ambienteyenergia.gob.ec\/ambiente\/wp-json\/wp\/v2\/types\/post"}],"author":[{"embeddable":true,"href":"https:\/\/www.ambienteyenergia.gob.ec\/ambiente\/wp-json\/wp\/v2\/users\/13"}],"replies":[{"embeddable":true,"href":"https:\/\/www.ambienteyenergia.gob.ec\/ambiente\/wp-json\/wp\/v2\/comments?post=21461"}],"version-history":[{"count":0,"href":"https:\/\/www.ambienteyenergia.gob.ec\/ambiente\/wp-json\/wp\/v2\/posts\/21461\/revisions"}],"wp:featuredmedia":[{"embeddable":true,"href":"https:\/\/www.ambienteyenergia.gob.ec\/ambiente\/wp-json\/wp\/v2\/media\/21462"}],"wp:attachment":[{"href":"https:\/\/www.ambienteyenergia.gob.ec\/ambiente\/wp-json\/wp\/v2\/media?parent=21461"}],"wp:term":[{"taxonomy":"category","embeddable":true,"href":"https:\/\/www.ambienteyenergia.gob.ec\/ambiente\/wp-json\/wp\/v2\/categories?post=21461"},{"taxonomy":"post_tag","embeddable":true,"href":"https:\/\/www.ambienteyenergia.gob.ec\/ambiente\/wp-json\/wp\/v2\/tags?post=21461"}],"curies":[{"name":"wp","href":"https:\/\/api.w.org\/{rel}","templated":true}]}}