{"id":21443,"date":"2014-07-14T11:12:38","date_gmt":"2014-07-14T16:12:38","guid":{"rendered":"http:\/\/www.ambiente.gob.ec\/?p=21443"},"modified":"2014-07-14T15:57:26","modified_gmt":"2014-07-14T20:57:26","slug":"mae-despliega-medidas-de-precaucion-ante-los-ataques-de-puma-en-la-parroquia-chiquicha-tungurahua","status":"publish","type":"post","link":"https:\/\/www.ambienteyenergia.gob.ec\/ambiente\/mae-despliega-medidas-de-precaucion-ante-los-ataques-de-puma-en-la-parroquia-chiquicha-tungurahua\/","title":{"rendered":"MAE  despliega medidas de precauci\u00f3n ante los ataques de puma en la parroquia Chiquicha, Tungurahua"},"content":{"rendered":"<p style=\"text-align: justify;\">Funcionarios de la Unidad de Vida Silvestre de la Direcci\u00f3n Provincial del Ambiente de Tungurahua y del Parque Nacional Llanganates, realizaron actividades de rastreo e identificaci\u00f3n en la parroquia Chiquicha del cant\u00f3n Pelileo provincia de Tungurahua\u00a0 ante los ataques que sufrieran algunas cabezas de ganado.<\/p>\n<p style=\"text-align: justify;\">Las huellas, tipo de ataque, caracter\u00edsticas de las heridas y ubicaci\u00f3n geogr\u00e1fica son algunos de los par\u00e1metros observables para identificar al animal de la vida silvestre que atac\u00f3 a 4 terneros y un asno, adem\u00e1s de las versiones de los pobladores que tuvieron la oportunidad de observarlo en la noche mientras atacaba a uno de los terneros \u201cde color plomo, cabeza grande y cola larga, le asustamos y pego un brinco de 3 metros y se fue rapid\u00edsimo para arriba\u201d fue el testimonio de Jimy Moreta, morador de Chiquicha Centro.<\/p>\n<p style=\"text-align: justify;\">Durante tres d\u00edas t\u00e9cnicos del Ministerio del Ambiente de Ecuador (MAE), conjuntamente con el Teniente Pol\u00edtico, Polic\u00eda Nacional, t\u00e9cnicos del MAGAP y veterinarios de Protecci\u00f3n Animal Ecuador (PAE) y del albergue de animales del Gobierno Aut\u00f3nomo Descentralizado Municipalidad de Ambato GADMA, realizaron trabajos de socializaci\u00f3n en la comunidad, primeros auxilios veterinarios a los animales atacados y recorridos por las zonas aleda\u00f1as con la finalidad de identificar y la posible\u00a0 captura del puma.<\/p>\n<p style=\"text-align: justify;\">El MAE emiti\u00f3 algunas recomendaciones a la comunidad para evitar m\u00e1s ataques, coloc\u00f3 una jaula trampa de captura y solicit\u00f3 dar la voz de alerta urgente cuando aparezca el puma en la zona, con la finalidad de que esta Cartera de Estado acuda de inmediato al lugar, y evitar as\u00ed, que la poblaci\u00f3n local mate al esp\u00e9cimen.<\/p>\n","protected":false},"excerpt":{"rendered":"<p class=\"excerpt\">Funcionarios de la Unidad de Vida Silvestre de la Direcci\u00f3n Provincial del Ambiente de Tungurahua y del Parque Nacional Llanganates, realizaron actividades de rastreo e identificaci\u00f3n en la parroquia Chiquicha del cant\u00f3n Pelileo provincia de Tungurahua\u00a0 ante los ataques que sufrieran algunas cabezas de ganado. Las huellas, tipo de ataque, caracter\u00edsticas de las heridas y ubicaci\u00f3n geogr\u00e1fica son algunos de&hellip; <a href=\"https:\/\/www.ambienteyenergia.gob.ec\/ambiente\/mae-despliega-medidas-de-precaucion-ante-los-ataques-de-puma-en-la-parroquia-chiquicha-tungurahua\/\">Read more &rarr;<\/a><\/p>\n","protected":false},"author":13,"featured_media":21444,"comment_status":"open","ping_status":"open","sticky":false,"template":"","format":"standard","meta":{"footnotes":""},"categories":[16,4],"tags":[],"class_list":["post-21443","post","type-post","status-publish","format-standard","has-post-thumbnail","hentry","category-comunicamos","category-noticias","xfolkentry"],"_links":{"self":[{"href":"https:\/\/www.ambienteyenergia.gob.ec\/ambiente\/wp-json\/wp\/v2\/posts\/21443","targetHints":{"allow":["GET"]}}],"collection":[{"href":"https:\/\/www.ambienteyenergia.gob.ec\/ambiente\/wp-json\/wp\/v2\/posts"}],"about":[{"href":"https:\/\/www.ambienteyenergia.gob.ec\/ambiente\/wp-json\/wp\/v2\/types\/post"}],"author":[{"embeddable":true,"href":"https:\/\/www.ambienteyenergia.gob.ec\/ambiente\/wp-json\/wp\/v2\/users\/13"}],"replies":[{"embeddable":true,"href":"https:\/\/www.ambienteyenergia.gob.ec\/ambiente\/wp-json\/wp\/v2\/comments?post=21443"}],"version-history":[{"count":0,"href":"https:\/\/www.ambienteyenergia.gob.ec\/ambiente\/wp-json\/wp\/v2\/posts\/21443\/revisions"}],"wp:featuredmedia":[{"embeddable":true,"href":"https:\/\/www.ambienteyenergia.gob.ec\/ambiente\/wp-json\/wp\/v2\/media\/21444"}],"wp:attachment":[{"href":"https:\/\/www.ambienteyenergia.gob.ec\/ambiente\/wp-json\/wp\/v2\/media?parent=21443"}],"wp:term":[{"taxonomy":"category","embeddable":true,"href":"https:\/\/www.ambienteyenergia.gob.ec\/ambiente\/wp-json\/wp\/v2\/categories?post=21443"},{"taxonomy":"post_tag","embeddable":true,"href":"https:\/\/www.ambienteyenergia.gob.ec\/ambiente\/wp-json\/wp\/v2\/tags?post=21443"}],"curies":[{"name":"wp","href":"https:\/\/api.w.org\/{rel}","templated":true}]}}