{"id":21440,"date":"2014-07-14T11:08:56","date_gmt":"2014-07-14T16:08:56","guid":{"rendered":"http:\/\/www.ambiente.gob.ec\/?p=21440"},"modified":"2014-07-14T11:08:56","modified_gmt":"2014-07-14T16:08:56","slug":"mae-rescato-a-seis-especimenes-de-vida-silvestre-en-santo-domingo-de-los-tsachilas","status":"publish","type":"post","link":"https:\/\/www.ambienteyenergia.gob.ec\/ambiente\/mae-rescato-a-seis-especimenes-de-vida-silvestre-en-santo-domingo-de-los-tsachilas\/","title":{"rendered":"MAE rescat\u00f3 a seis espec\u00edmenes de vida silvestre en Santo Domingo de los Ts\u00e1chilas"},"content":{"rendered":"<p style=\"text-align: justify;\">Durante la semana del 7 al 11 de julio, el Ministerio del Ambiente de Ecuador (MAE), en coordinaci\u00f3n con la Unidad de Protecci\u00f3n del Medio Ambiente (UPMA) de la Polic\u00eda Nacional, realiz\u00f3 varios operativos de control y tr\u00e1fico de vida silvestre en la provincia de Santo Domingo de los Ts\u00e1chilas.<\/p>\n<p>Durante esta jornada de control se logr\u00f3 rescatar a varios espec\u00edmenes de vida silvestre entre ellos un oso lavador (Procyon cancrivorus) un b\u00faho (Asio flammeus), una serpiente matacaballo (Boa constrictor constrictor), una iguana terrestre (Iguana iguana) y dos perezosos de tres u\u00f1as (Bradypus variegatus). Algunos de estos espec\u00edmenes\u00a0 se encontraban en cautiverio y otros hab\u00edan llegado a predios de ciudadanos que notificaron su presencia a trav\u00e9s del ECU 911 y por medio de llamadas telef\u00f3nicas a la Direcci\u00f3n Provincial del Ambiente de Sto. Domingo.<\/p>\n<p>Una vez rescatados, estos animales fueron trasladados el Centro de Rescate de Vida Silvestre \u201cCarlos Becdach\u201d, ubicado en el km. 34 de la v\u00eda Santo Domingo-La Concordia. Posterior al respectivo chequeo m\u00e9dico, se determin\u00f3 el buen estado de salud de cinco de estos espec\u00edmenes, que fueron reinsertados en \u00e9ste centro de rescate.<\/p>\n<p>El oso lavador, present\u00f3 una herida en su cabeza, motivo por el cual fue auscultado y medicado por un profesional veterinario. Actualmente de encuentra en proceso de recuperaci\u00f3n que ha dado excelentes resultados.<\/p>\n<p>Estos operativos de rescate de vida silvestre se ejecutan de forma permanentemente gracias al compromiso del MAE, con la finalidad de precautelar el bienestar de varias especies de la regi\u00f3n.<\/p>\n<p>Se invita a la ciudadan\u00eda a que denuncien o comunicar la ubicaci\u00f3n, tenencia y comercializaci\u00f3n de vida silvestre a los tel\u00e9fonos 1800 Ambiente (2624368), ECU 911, 115 de la Polic\u00eda Nacional o al 2767009 \u2013 2746523 MAE Santo Domingo de los Ts\u00e1chilas.<\/p>\n","protected":false},"excerpt":{"rendered":"<p class=\"excerpt\">Durante la semana del 7 al 11 de julio, el Ministerio del Ambiente de Ecuador (MAE), en coordinaci\u00f3n con la Unidad de Protecci\u00f3n del Medio Ambiente (UPMA) de la Polic\u00eda Nacional, realiz\u00f3 varios operativos de control y tr\u00e1fico de vida silvestre en la provincia de Santo Domingo de los Ts\u00e1chilas. Durante esta jornada de control se logr\u00f3 rescatar a varios&hellip; <a href=\"https:\/\/www.ambienteyenergia.gob.ec\/ambiente\/mae-rescato-a-seis-especimenes-de-vida-silvestre-en-santo-domingo-de-los-tsachilas\/\">Read more &rarr;<\/a><\/p>\n","protected":false},"author":13,"featured_media":21441,"comment_status":"open","ping_status":"open","sticky":false,"template":"","format":"standard","meta":{"footnotes":""},"categories":[16,4],"tags":[],"class_list":["post-21440","post","type-post","status-publish","format-standard","has-post-thumbnail","hentry","category-comunicamos","category-noticias","xfolkentry"],"_links":{"self":[{"href":"https:\/\/www.ambienteyenergia.gob.ec\/ambiente\/wp-json\/wp\/v2\/posts\/21440","targetHints":{"allow":["GET"]}}],"collection":[{"href":"https:\/\/www.ambienteyenergia.gob.ec\/ambiente\/wp-json\/wp\/v2\/posts"}],"about":[{"href":"https:\/\/www.ambienteyenergia.gob.ec\/ambiente\/wp-json\/wp\/v2\/types\/post"}],"author":[{"embeddable":true,"href":"https:\/\/www.ambienteyenergia.gob.ec\/ambiente\/wp-json\/wp\/v2\/users\/13"}],"replies":[{"embeddable":true,"href":"https:\/\/www.ambienteyenergia.gob.ec\/ambiente\/wp-json\/wp\/v2\/comments?post=21440"}],"version-history":[{"count":0,"href":"https:\/\/www.ambienteyenergia.gob.ec\/ambiente\/wp-json\/wp\/v2\/posts\/21440\/revisions"}],"wp:featuredmedia":[{"embeddable":true,"href":"https:\/\/www.ambienteyenergia.gob.ec\/ambiente\/wp-json\/wp\/v2\/media\/21441"}],"wp:attachment":[{"href":"https:\/\/www.ambienteyenergia.gob.ec\/ambiente\/wp-json\/wp\/v2\/media?parent=21440"}],"wp:term":[{"taxonomy":"category","embeddable":true,"href":"https:\/\/www.ambienteyenergia.gob.ec\/ambiente\/wp-json\/wp\/v2\/categories?post=21440"},{"taxonomy":"post_tag","embeddable":true,"href":"https:\/\/www.ambienteyenergia.gob.ec\/ambiente\/wp-json\/wp\/v2\/tags?post=21440"}],"curies":[{"name":"wp","href":"https:\/\/api.w.org\/{rel}","templated":true}]}}