{"id":21436,"date":"2014-07-14T10:42:28","date_gmt":"2014-07-14T15:42:28","guid":{"rendered":"http:\/\/www.ambiente.gob.ec\/?p=21436"},"modified":"2014-07-14T10:42:28","modified_gmt":"2014-07-14T15:42:28","slug":"mae-realizo-verificacion-de-resultados-en-la-mancomunidad-centro-sur-de-manabi","status":"publish","type":"post","link":"https:\/\/www.ambienteyenergia.gob.ec\/ambiente\/mae-realizo-verificacion-de-resultados-en-la-mancomunidad-centro-sur-de-manabi\/","title":{"rendered":"MAE realiz\u00f3 verificaci\u00f3n de resultados en la Mancomunidad Centro Sur de Manab\u00ed"},"content":{"rendered":"<p style=\"text-align: justify;\">El Ministerio del Ambiente (MAE) realiza acciones que benefician a varios cantones de la provincia de Manab\u00ed, entre estos, dos que forman parte de la cuenca del rio Portoviejo Santa Ana con su parroquia matriz (micro-cuencas Chamucame y Ta\u00edna) y 24 de Mayo con su parroquia Sucre (micro-cuenca del r\u00edo Naranjal).<\/p>\n<p style=\"text-align: justify;\">\nFuncionarios del MAE, el Coordinador del proyecto de Adaptaci\u00f3n al Cambio Clim\u00e1tico a trav\u00e9s de una efectiva gobernabilidad del agua en el Ecuador (PACC) de la Subsecretar\u00eda de Cambio Clim\u00e1tico, directivos y miembros de la Mancomunidad Centro Sur de Manab\u00ed realizaron una visita de campo para verificar las acciones realizadas por el proyecto en 10 comunidades de Santa Ana y Sucre\u00a0\u00a0 que han sido beneficiadas debido a su exposici\u00f3n y sensibilidad a fen\u00f3menos adversos del clima.\u2028\u2028Entre las acciones realizadas por el MAE en estos territorios est\u00e1n\u00a0\u00a0 varios estudios para tipificaci\u00f3n de microcuencas, elaboraci\u00f3n de planes de manejo ambiental, desarrollo de documentos t\u00e9cnicos de alternativas con tecnolog\u00eda introducida y\u00a0\u00a0 ancestral para la protecci\u00f3n de fuentes o manantiales de agua.<\/p>\n<p style=\"text-align: justify;\">Alrededor de 2 064 personas se beneficiar\u00e1n directa e indirectamente del proyecto.<\/p>\n","protected":false},"excerpt":{"rendered":"<p class=\"excerpt\">El Ministerio del Ambiente (MAE) realiza acciones que benefician a varios cantones de la provincia de Manab\u00ed, entre estos, dos que forman parte de la cuenca del rio Portoviejo Santa Ana con su parroquia matriz (micro-cuencas Chamucame y Ta\u00edna) y 24 de Mayo con su parroquia Sucre (micro-cuenca del r\u00edo Naranjal). Funcionarios del MAE, el Coordinador del proyecto de Adaptaci\u00f3n&hellip; <a href=\"https:\/\/www.ambienteyenergia.gob.ec\/ambiente\/mae-realizo-verificacion-de-resultados-en-la-mancomunidad-centro-sur-de-manabi\/\">Read more &rarr;<\/a><\/p>\n","protected":false},"author":13,"featured_media":21438,"comment_status":"open","ping_status":"open","sticky":false,"template":"","format":"standard","meta":{"footnotes":""},"categories":[16,4],"tags":[],"class_list":["post-21436","post","type-post","status-publish","format-standard","has-post-thumbnail","hentry","category-comunicamos","category-noticias","xfolkentry"],"_links":{"self":[{"href":"https:\/\/www.ambienteyenergia.gob.ec\/ambiente\/wp-json\/wp\/v2\/posts\/21436","targetHints":{"allow":["GET"]}}],"collection":[{"href":"https:\/\/www.ambienteyenergia.gob.ec\/ambiente\/wp-json\/wp\/v2\/posts"}],"about":[{"href":"https:\/\/www.ambienteyenergia.gob.ec\/ambiente\/wp-json\/wp\/v2\/types\/post"}],"author":[{"embeddable":true,"href":"https:\/\/www.ambienteyenergia.gob.ec\/ambiente\/wp-json\/wp\/v2\/users\/13"}],"replies":[{"embeddable":true,"href":"https:\/\/www.ambienteyenergia.gob.ec\/ambiente\/wp-json\/wp\/v2\/comments?post=21436"}],"version-history":[{"count":0,"href":"https:\/\/www.ambienteyenergia.gob.ec\/ambiente\/wp-json\/wp\/v2\/posts\/21436\/revisions"}],"wp:featuredmedia":[{"embeddable":true,"href":"https:\/\/www.ambienteyenergia.gob.ec\/ambiente\/wp-json\/wp\/v2\/media\/21438"}],"wp:attachment":[{"href":"https:\/\/www.ambienteyenergia.gob.ec\/ambiente\/wp-json\/wp\/v2\/media?parent=21436"}],"wp:term":[{"taxonomy":"category","embeddable":true,"href":"https:\/\/www.ambienteyenergia.gob.ec\/ambiente\/wp-json\/wp\/v2\/categories?post=21436"},{"taxonomy":"post_tag","embeddable":true,"href":"https:\/\/www.ambienteyenergia.gob.ec\/ambiente\/wp-json\/wp\/v2\/tags?post=21436"}],"curies":[{"name":"wp","href":"https:\/\/api.w.org\/{rel}","templated":true}]}}