{"id":21430,"date":"2014-07-14T08:34:12","date_gmt":"2014-07-14T13:34:12","guid":{"rendered":"http:\/\/www.ambiente.gob.ec\/?p=21430"},"modified":"2014-07-14T08:34:12","modified_gmt":"2014-07-14T13:34:12","slug":"mae-reforesto-la-quebrada-los-vicundos-con-apoyo-de-los-jovenes-del-scc","status":"publish","type":"post","link":"https:\/\/www.ambienteyenergia.gob.ec\/ambiente\/mae-reforesto-la-quebrada-los-vicundos-con-apoyo-de-los-jovenes-del-scc\/","title":{"rendered":"MAE reforest\u00f3 la quebrada los Vicundos con apoyo de los j\u00f3venes del SCC"},"content":{"rendered":"<p style=\"text-align: justify;\">El Ministerio del Ambiente de Ecuador (MAE), a trav\u00e9s de la Direcci\u00f3n Provincial del Ambiente de Imbabura, con el apoyo de T\u00e9cnicos de la Reserva Ecol\u00f3gica Cotacachi Cayapas (RECC) Zona Alta,\u00a0 junto con los j\u00f3venes del Servicio Civil Ciudadano (SCC) realizaron una jornada de\u00a0 reforestaci\u00f3n.<\/p>\n<p>Esta actividad se la llev\u00f3 a cabo en la quebrada los Vicundos, sector que se encuentra dentro de la RECC, en el cant\u00f3n Cotacachi, provincia de Imbabura, en el que se sembr\u00f3 aproximadamente 200 especies de plantas nativas.<\/p>\n<p>El programa de reforestaci\u00f3n liderado por el MAE constituye una actividad fundamental dentro de las pol\u00edticas ambientales, pues permite recuperar los ecosistemas vivos y el paisaje que identifica a todas las \u00e1reas protegidas y provincias a nivel nacional.<\/p>\n","protected":false},"excerpt":{"rendered":"<p class=\"excerpt\">El Ministerio del Ambiente de Ecuador (MAE), a trav\u00e9s de la Direcci\u00f3n Provincial del Ambiente de Imbabura, con el apoyo de T\u00e9cnicos de la Reserva Ecol\u00f3gica Cotacachi Cayapas (RECC) Zona Alta,\u00a0 junto con los j\u00f3venes del Servicio Civil Ciudadano (SCC) realizaron una jornada de\u00a0 reforestaci\u00f3n. Esta actividad se la llev\u00f3 a cabo en la quebrada los Vicundos, sector que se&hellip; <a href=\"https:\/\/www.ambienteyenergia.gob.ec\/ambiente\/mae-reforesto-la-quebrada-los-vicundos-con-apoyo-de-los-jovenes-del-scc\/\">Read more &rarr;<\/a><\/p>\n","protected":false},"author":13,"featured_media":21431,"comment_status":"open","ping_status":"open","sticky":false,"template":"","format":"standard","meta":{"footnotes":""},"categories":[16,4],"tags":[],"class_list":["post-21430","post","type-post","status-publish","format-standard","has-post-thumbnail","hentry","category-comunicamos","category-noticias","xfolkentry"],"_links":{"self":[{"href":"https:\/\/www.ambienteyenergia.gob.ec\/ambiente\/wp-json\/wp\/v2\/posts\/21430","targetHints":{"allow":["GET"]}}],"collection":[{"href":"https:\/\/www.ambienteyenergia.gob.ec\/ambiente\/wp-json\/wp\/v2\/posts"}],"about":[{"href":"https:\/\/www.ambienteyenergia.gob.ec\/ambiente\/wp-json\/wp\/v2\/types\/post"}],"author":[{"embeddable":true,"href":"https:\/\/www.ambienteyenergia.gob.ec\/ambiente\/wp-json\/wp\/v2\/users\/13"}],"replies":[{"embeddable":true,"href":"https:\/\/www.ambienteyenergia.gob.ec\/ambiente\/wp-json\/wp\/v2\/comments?post=21430"}],"version-history":[{"count":0,"href":"https:\/\/www.ambienteyenergia.gob.ec\/ambiente\/wp-json\/wp\/v2\/posts\/21430\/revisions"}],"wp:featuredmedia":[{"embeddable":true,"href":"https:\/\/www.ambienteyenergia.gob.ec\/ambiente\/wp-json\/wp\/v2\/media\/21431"}],"wp:attachment":[{"href":"https:\/\/www.ambienteyenergia.gob.ec\/ambiente\/wp-json\/wp\/v2\/media?parent=21430"}],"wp:term":[{"taxonomy":"category","embeddable":true,"href":"https:\/\/www.ambienteyenergia.gob.ec\/ambiente\/wp-json\/wp\/v2\/categories?post=21430"},{"taxonomy":"post_tag","embeddable":true,"href":"https:\/\/www.ambienteyenergia.gob.ec\/ambiente\/wp-json\/wp\/v2\/tags?post=21430"}],"curies":[{"name":"wp","href":"https:\/\/api.w.org\/{rel}","templated":true}]}}