{"id":21426,"date":"2014-07-11T19:50:04","date_gmt":"2014-07-12T00:50:04","guid":{"rendered":"http:\/\/www.ambiente.gob.ec\/?p=21426"},"modified":"2014-07-13T19:54:21","modified_gmt":"2014-07-14T00:54:21","slug":"186-familias-se-beneficiaron-del-proceso-de-adjudicacion-de-tierras-dentro-del-area-del-bosque-y-vegetacion-protectora-cuenca-alta-del-rio-nangaritza","status":"publish","type":"post","link":"https:\/\/www.ambienteyenergia.gob.ec\/ambiente\/186-familias-se-beneficiaron-del-proceso-de-adjudicacion-de-tierras-dentro-del-area-del-bosque-y-vegetacion-protectora-cuenca-alta-del-rio-nangaritza\/","title":{"rendered":"186 familias se beneficiaron del proceso de adjudicaci\u00f3n de tierras dentro del \u00c1rea del Bosque y Vegetaci\u00f3n Protectora Cuenca Alta del R\u00edo Nangaritza"},"content":{"rendered":"<p style=\"text-align: justify;\">Ayer, el Ministerio del Ambiente del Ecuador (MAE) realiz\u00f3 la entrega formal de las adjudicaciones de terrenos ubicados dentro del \u00c1rea del Bosque y Vegetaci\u00f3n Protectora Cuenca Alta del R\u00edo Nangaritza, beneficiando a un total de 186 familias. El proceso se llevo a cabo con la finalidad de solucionar los conflictos de tenencia de tierras dentro de esta superficie que es parte del patrimonio natural del Estado.<\/p>\n<p style=\"text-align: justify;\">El evento se desarroll\u00f3 en el Barrio las Orqu\u00eddeas, provincia de Zamora Chinchipe y cont\u00f3 con la presencia de l\u00edderes comunitarios y autoridades locales. En el acto oficial se entreg\u00f3 2 743,20 hect\u00e1reas a la Asociaci\u00f3n de Centros Shuar Tayunts, mientras que a la Asociaci\u00f3n de Trabajadores Aut\u00f3nomos San Miguel de las Orqu\u00eddeas se le otorgaron 1 462,7 hect\u00e1reas. Esta acci\u00f3n fue parte de los compromisos de creaci\u00f3n del bosque.<\/p>\n<p style=\"text-align: justify;\">Para acceder a la legalizaci\u00f3n, las organizaciones debieron cumplir con los requisitos y tr\u00e1mites necesarios establecidos en la Ley Forestal y de Vida Silvestre, as\u00ed como en la Norma 265 del Procedimiento para Adjudicaci\u00f3n de tierras dentro del Patrimonio Forestal y Bosques y Vegetaci\u00f3n Protectora. Luego de este proceso la Direcci\u00f3n Nacional Forestal, en ejercicio de sus competencias, emiti\u00f3 un informe favorable y recomiend\u00f3 a la Coordinaci\u00f3n General Jur\u00eddica continuar con el proceso de adjudicaci\u00f3n correspondiente.<\/p>\n<p style=\"text-align: justify;\">Walter Ortega, presidente de la Asociaci\u00f3n de Trabajadores Aut\u00f3nomos San Miguel de la Orqu\u00eddeas (ATASMO) y Francisco Cucushe, presidente de la comunidad shuar Tayunts, en representaci\u00f3n de los beneficiarios de la adjudicaci\u00f3n expresaron su agradecimiento y a la vez se comprometieron a trabajar en coordinaci\u00f3n con el Ministerio del Ambiente, en favor de la conservaci\u00f3n y preservaci\u00f3n de la zona.<\/p>\n<p style=\"text-align: justify;\">Esta declaraci\u00f3n surge como una necesidad de ordenar el uso del territorio y el manejo de los recursos naturales en la zona, debido a su gran importancia a nivel biol\u00f3gico, ecol\u00f3gico y social.<br \/>\nImportancia Biol\u00f3gica\u00a0\u00c1rea del Bosque y Vegetaci\u00f3n Protectora Cuenca Alta del R\u00edo Nangaritza cuenta con una alta biodiversidad, presencia de endemismo en especies de flora y fauna, y la existencia de ecosistemas \u00fanicos. Adem\u00e1s, geol\u00f3gicamente est\u00e1 compuesta por las formaciones Napo y Holl\u00edn, las cuales se presentan en forma de mesetas inclinadas de areniscas y calc\u00e1reas, muy similares a los Tepuyes de las Guyanas y Venezuela.<\/p>\n<p style=\"text-align: justify;\">El bosque protector se encuentra ubicado al Sureste del Ecuador, en la parroquia Zurmi, cant\u00f3n Nangaritza, Provincia de Zamora Chinchipe, comprende el \u00e1rea de la cuenca alta del r\u00edo Nangaritza, constituy\u00e9ndose tambi\u00e9n en la zona de amortiguamiento del Parque Nacional Podocarpus. Esta \u00e1rea comprende una superficie de 128 867 hect\u00e1reas.<\/p>\n<p>A su importancia biol\u00f3gica, se debe a\u00f1adir su relevancia sociocultural, pues el Bosque Protector alberga tres grupos humanos: Mestizos, Saraguro y Shuar, estos \u00faltimos ocupan casi el 30% del territorio.<\/p>\n","protected":false},"excerpt":{"rendered":"<p class=\"excerpt\">Ayer, el Ministerio del Ambiente del Ecuador (MAE) realiz\u00f3 la entrega formal de las adjudicaciones de terrenos ubicados dentro del \u00c1rea del Bosque y Vegetaci\u00f3n Protectora Cuenca Alta del R\u00edo Nangaritza, beneficiando a un total de 186 familias. El proceso se llevo a cabo con la finalidad de solucionar los conflictos de tenencia de tierras dentro de esta superficie que&hellip; <a href=\"https:\/\/www.ambienteyenergia.gob.ec\/ambiente\/186-familias-se-beneficiaron-del-proceso-de-adjudicacion-de-tierras-dentro-del-area-del-bosque-y-vegetacion-protectora-cuenca-alta-del-rio-nangaritza\/\">Read more &rarr;<\/a><\/p>\n","protected":false},"author":13,"featured_media":20788,"comment_status":"open","ping_status":"open","sticky":false,"template":"","format":"standard","meta":{"footnotes":""},"categories":[16,4],"tags":[],"class_list":["post-21426","post","type-post","status-publish","format-standard","has-post-thumbnail","hentry","category-comunicamos","category-noticias","xfolkentry"],"_links":{"self":[{"href":"https:\/\/www.ambienteyenergia.gob.ec\/ambiente\/wp-json\/wp\/v2\/posts\/21426","targetHints":{"allow":["GET"]}}],"collection":[{"href":"https:\/\/www.ambienteyenergia.gob.ec\/ambiente\/wp-json\/wp\/v2\/posts"}],"about":[{"href":"https:\/\/www.ambienteyenergia.gob.ec\/ambiente\/wp-json\/wp\/v2\/types\/post"}],"author":[{"embeddable":true,"href":"https:\/\/www.ambienteyenergia.gob.ec\/ambiente\/wp-json\/wp\/v2\/users\/13"}],"replies":[{"embeddable":true,"href":"https:\/\/www.ambienteyenergia.gob.ec\/ambiente\/wp-json\/wp\/v2\/comments?post=21426"}],"version-history":[{"count":0,"href":"https:\/\/www.ambienteyenergia.gob.ec\/ambiente\/wp-json\/wp\/v2\/posts\/21426\/revisions"}],"wp:featuredmedia":[{"embeddable":true,"href":"https:\/\/www.ambienteyenergia.gob.ec\/ambiente\/wp-json\/wp\/v2\/media\/20788"}],"wp:attachment":[{"href":"https:\/\/www.ambienteyenergia.gob.ec\/ambiente\/wp-json\/wp\/v2\/media?parent=21426"}],"wp:term":[{"taxonomy":"category","embeddable":true,"href":"https:\/\/www.ambienteyenergia.gob.ec\/ambiente\/wp-json\/wp\/v2\/categories?post=21426"},{"taxonomy":"post_tag","embeddable":true,"href":"https:\/\/www.ambienteyenergia.gob.ec\/ambiente\/wp-json\/wp\/v2\/tags?post=21426"}],"curies":[{"name":"wp","href":"https:\/\/api.w.org\/{rel}","templated":true}]}}