{"id":21420,"date":"2014-07-12T08:36:45","date_gmt":"2014-07-12T13:36:45","guid":{"rendered":"http:\/\/www.ambiente.gob.ec\/?p=21420"},"modified":"2014-07-14T11:27:03","modified_gmt":"2014-07-14T16:27:03","slug":"vigesima-quinta-sesion-de-gabinete-itinerante-en-el-canton-deleg-provincia-del-canar","status":"publish","type":"post","link":"https:\/\/www.ambienteyenergia.gob.ec\/ambiente\/vigesima-quinta-sesion-de-gabinete-itinerante-en-el-canton-deleg-provincia-del-canar\/","title":{"rendered":"Vig\u00e9sima Quinta sesi\u00f3n de Gabinete Itinerante en el cant\u00f3n Deleg, provincia del Ca\u00f1ar"},"content":{"rendered":"<p style=\"text-align: justify;\">Hoy, s\u00e1bado 12 de julio, en el marco del enlace ciudadano Nro. 381 en el cant\u00f3n Deleg de la provincia del Ca\u00f1ar, el Ministerio del Ambiente del Ecuador (MAE), representado por la ministra Lorena Tapia N\u00fa\u00f1ez particip\u00f3 de las actividades que se realizaron.<\/p>\n<p style=\"text-align: justify;\"><strong>Gabinete Itinerante<\/strong><\/p>\n<p style=\"text-align: justify;\">La reuni\u00f3n de autoridades, presidida por el Presidente de la Rep\u00fablica, Rafa\u00e9l Correa, se desarrollo ayer, desde las 11:00, en la Junta de Administraci\u00f3n de Agua Potable El Roc\u00edo donde la ministra Tapia expuso puntos fundamentales en los que el MAE, como principal gestor ambiental nacional, lleva a cabo a nivel local como a nivel nacional.<\/p>\n<p style=\"text-align: justify;\">Una vez finalizado el Gabinete, la Ministra Tapia, junto con las dem\u00e1s autoridades de Gobierno, asistieron a la llamada Noche Cultural en el Coliseo Deportivo, ubicado en el mismo cant\u00f3n donde compartieron un momento ameno con los ciudadanos.<\/p>\n<p style=\"text-align: justify;\"><strong>Enlace ciudadano<\/strong><br \/>\nLa ma\u00f1ana de hoy,\u00a0el Presidente Correa en\u00a0su informe a la ciudadan\u00eda dio\u00a0detalles de sus actividades durante la semana en la cancha de f\u00fatbol Zinin en el mismo cant\u00f3n.<\/p>\n<p style=\"text-align: justify;\">El jueves pasado, el Presidente acompa\u00f1ado de la ministra Tapia realiz\u00f3 un recorrido por el Estero Salado, con el objetivo de constatar los avances en las obras de regeneraci\u00f3n de este brazo de mar, adem\u00e1s de verificar el inicio en el proceso de recuperaci\u00f3n del Estero Palanqueado.<\/p>\n<p style=\"text-align: justify;\">\u201cEl Estero Salado, lejos de ser un atractivo tur\u00edstico es un peligro para la salud de los guayaquile\u00f1os. Nosotros no hablamos, hacemos; porque somos verdaderos ecologistas, no somos charlatanes. Estamos tratando de recuperar el Estero Salado que es parte del Proyecto Guayaquil Ecol\u00f3gico, otra parte es Santay que es un \u00e9xito completo\u201d dijo el Presidente.<\/p>\n<p style=\"text-align: justify;\">Las actividades que ha realizado el MAE, con el objetivo de lograr una remediaci\u00f3n sostenible y efectiva del Estero ha contemplado la eliminaci\u00f3n de fuentes de contaminaci\u00f3n, domestica e industrial, originada por descargas de aguas residuales a orillas de sus diferentes ramales. Por tal motivo se sancion\u00f3 a cerca de 80 empresas y seis de estas fueron clausuradas, incluyendo un centro comercial de la ciudad.<\/p>\n<p style=\"text-align: justify;\">\u201cEl Ministerio del Ambiente est\u00e1 actuando de manera ejemplar, vamos a recuperar el Estero Salado, pero es un esfuerzo que tiene que ser de todos, aqu\u00ed la responsabilidad de nuestras acciones frente al Estero es clave para lograr descontaminarlo\u201d, enfatizo la ministra Tapia.<\/p>\n<p style=\"text-align: justify;\"><strong>Informaci\u00f3n adicional de Ca\u00f1ar y gesti\u00f3n ambiental:<\/strong><\/p>\n<p style=\"text-align: justify;\">La provincia del Ca\u00f1ar es reconocida por sus altos valores h\u00eddricos, suelos f\u00e9rtiles y una fuerte identidad cultural.<\/p>\n<p style=\"text-align: justify;\"><strong><em>Patrimonio Natural: Parque Nacional Sangay (zona sur):<\/em><\/strong><\/p>\n<p style=\"text-align: justify;\">Con 37 786 hect\u00e1reas, en la zona administrativa de Ca\u00f1ar, este parque tiene como principales atractivos tres volcanes (dos de ellos activos), una infinidad de lagunas, y una enorme biodiversidad. El parque se extiende sobre la cordillera oriental protegiendo p\u00e1ramos, bosques altos andinos y bosques subtropicales. Por toda esta maravillosa geograf\u00eda y extraordinaria biodiversidad, en 1985 la UNESCO lo declar\u00f3 Patrimonio Natural de la Humanidad.<\/p>\n<p style=\"text-align: justify;\">En el parque est\u00e1n las nacientes del Upano, r\u00edo que bordea la ciudad oriental de Macas y luego desemboca en el Pastaza hacia el Amazonas. El otro r\u00edo importante que fluye a trav\u00e9s del parque es el Paute; su caudal represado genera hasta ahora la mayor fuente de hidroelectricidad para el pa\u00eds. El Paute luego fluye hacia el r\u00edo Santiago en la Amazon\u00eda.<\/p>\n<p style=\"text-align: justify;\">El Camino del Inca o Qhapac \u00d1an cruza al sur de la zona de Achupallas y entra en el parque, pasando por la laguna de Culebrillas, para luego salir de sus l\u00edmites hacia las ruinas de Ingapirca siendo la secci\u00f3n mejor conservada.<\/p>\n<p style=\"text-align: justify;\">La laguna de Culebrillas fue un santuario de la Gran Confederaci\u00f3n Ca\u00f1ari. Los antepasados rend\u00edan culto a sus dioses y a la propia laguna. Despu\u00e9s de la conquista, los incas tambi\u00e9n practicaban. Aqu\u00ed se hallaron las llamadas apachetas que son mont\u00edculos que serv\u00edan para guiar a los viajeros.<\/p>\n<p style=\"text-align: justify;\">En cuanto a vida silvestre, se ha realiza monitoreo continuo en el sector oriental del Sangay y se han avistado alrededor de 25 osos. Ca\u00f1ar cuenta con nueve bosques protectores con 75 639 hect\u00e1reas, tres de ellas son compartidas con Azuay.<\/p>\n<p style=\"text-align: justify;\">Con el Programa Socio Bosque se ha logrado conservar 3 753,31 hect\u00e1reas\u00a0con 33 beneficiarios. (Dos propiedades colectivas y 31 individuales). La mayor\u00eda de la vegetaci\u00f3n es bosque andino y pajonal.<\/p>\n<p style=\"text-align: justify;\">A trav\u00e9s de Educaci\u00f3n Ambiental se han registrado a 1 650 ni\u00f1os de escuelas dentro de la Red Infantil Guardianes del Planeta \u201cSomos parte de la soluci\u00f3n\u201d. Adem\u00e1s se graduaron 50 promotores comunitarios formados a trav\u00e9s de ecotalleres con 80 horas de capacitaci\u00f3n.<\/p>\n<p style=\"text-align: justify;\"><em><strong>El Programa Nacional para la Gesti\u00f3n Integral de Desechos\u00a0S\u00f3lidos (PNGIDS) tiene una inversi\u00f3n de USD 91 655<\/strong><\/em><\/p>\n<p style=\"text-align: justify;\">De los siete cantones de la Provincia del Ca\u00f1ar, uno cuenta con relleno sanitario (Azogues), cuatro cantones ten\u00edan botaderos de basura de los cuales tres han sido rehabilitados con el apoyo del PNGIRS que ha dotado de geomembrana (Ca\u00f1ar, Suscal y Bibli\u00e1n) uno cerrado (El Tambo). En el cant\u00f3n La Troncal hay un botadero de basura que ha sido objeto de sanci\u00f3n por parte del MAE. El caso del Cant\u00f3n D\u00e9leg, el botadero de basura est\u00e1 en proceso de cierre t\u00e9cnico.<\/p>\n","protected":false},"excerpt":{"rendered":"<p class=\"excerpt\">Hoy, s\u00e1bado 12 de julio, en el marco del enlace ciudadano Nro. 381 en el cant\u00f3n Deleg de la provincia del Ca\u00f1ar, el Ministerio del Ambiente del Ecuador (MAE), representado por la ministra Lorena Tapia N\u00fa\u00f1ez particip\u00f3 de las actividades que se realizaron. Gabinete Itinerante La reuni\u00f3n de autoridades, presidida por el Presidente de la Rep\u00fablica, Rafa\u00e9l Correa, se desarrollo&hellip; <a href=\"https:\/\/www.ambienteyenergia.gob.ec\/ambiente\/vigesima-quinta-sesion-de-gabinete-itinerante-en-el-canton-deleg-provincia-del-canar\/\">Read more &rarr;<\/a><\/p>\n","protected":false},"author":13,"featured_media":21421,"comment_status":"open","ping_status":"open","sticky":false,"template":"","format":"standard","meta":{"footnotes":""},"categories":[16,4],"tags":[76,387,54],"class_list":["post-21420","post","type-post","status-publish","format-standard","has-post-thumbnail","hentry","category-comunicamos","category-noticias","tag-estero-salado","tag-mae-lorena-tapia","tag-ministerio-del-ambiente","xfolkentry"],"_links":{"self":[{"href":"https:\/\/www.ambienteyenergia.gob.ec\/ambiente\/wp-json\/wp\/v2\/posts\/21420","targetHints":{"allow":["GET"]}}],"collection":[{"href":"https:\/\/www.ambienteyenergia.gob.ec\/ambiente\/wp-json\/wp\/v2\/posts"}],"about":[{"href":"https:\/\/www.ambienteyenergia.gob.ec\/ambiente\/wp-json\/wp\/v2\/types\/post"}],"author":[{"embeddable":true,"href":"https:\/\/www.ambienteyenergia.gob.ec\/ambiente\/wp-json\/wp\/v2\/users\/13"}],"replies":[{"embeddable":true,"href":"https:\/\/www.ambienteyenergia.gob.ec\/ambiente\/wp-json\/wp\/v2\/comments?post=21420"}],"version-history":[{"count":0,"href":"https:\/\/www.ambienteyenergia.gob.ec\/ambiente\/wp-json\/wp\/v2\/posts\/21420\/revisions"}],"wp:featuredmedia":[{"embeddable":true,"href":"https:\/\/www.ambienteyenergia.gob.ec\/ambiente\/wp-json\/wp\/v2\/media\/21421"}],"wp:attachment":[{"href":"https:\/\/www.ambienteyenergia.gob.ec\/ambiente\/wp-json\/wp\/v2\/media?parent=21420"}],"wp:term":[{"taxonomy":"category","embeddable":true,"href":"https:\/\/www.ambienteyenergia.gob.ec\/ambiente\/wp-json\/wp\/v2\/categories?post=21420"},{"taxonomy":"post_tag","embeddable":true,"href":"https:\/\/www.ambienteyenergia.gob.ec\/ambiente\/wp-json\/wp\/v2\/tags?post=21420"}],"curies":[{"name":"wp","href":"https:\/\/api.w.org\/{rel}","templated":true}]}}