{"id":21417,"date":"2014-07-12T07:35:51","date_gmt":"2014-07-12T12:35:51","guid":{"rendered":"http:\/\/www.ambiente.gob.ec\/?p=21417"},"modified":"2014-07-14T08:16:51","modified_gmt":"2014-07-14T13:16:51","slug":"mae-realizo-inspeccion-en-areas-remediadas-por-ep-petroecuador","status":"publish","type":"post","link":"https:\/\/www.ambienteyenergia.gob.ec\/ambiente\/mae-realizo-inspeccion-en-areas-remediadas-por-ep-petroecuador\/","title":{"rendered":"MAE realiz\u00f3 inspecci\u00f3n en \u00e1reas remediadas por EP PETROECUADOR"},"content":{"rendered":"<p style=\"text-align: justify;\">Especialistas del Programa de Reparaci\u00f3n Ambiental y Social del Ministerio del Ambiente (PRAS-MAE) realizaron una inspecci\u00f3n en el kil\u00f3metro 82 de la tuber\u00eda 26 del Oleoducto Transecuatoriano, (SOTE), ubicado a 200 metros de la parroquia \u201cEl Reventador\u201d, Cant\u00f3n Gonzalo Pizarro, provincia de Sucumb\u00edos.<\/p>\n<p style=\"text-align: justify;\">El objetivo de la visita efectuada el 8 de julio fue verificar que la operadora responsable EP PETROCUEDOR, haya cumplido con las disposiciones de utilizaci\u00f3n de terrenos para las labores de remediaci\u00f3n, ejecutadas tras el derrame de crudo pesado, producido por un deslave, el 31 de mayo del 2013.<\/p>\n<p style=\"text-align: justify;\">Representantes de esta Cartera de Estado realizaron el recorrido junto a los t\u00e9cnicos de la operadora EP PETROECUADOR y el propietario del terreno donde se realiz\u00f3 la inspecci\u00f3n. Despu\u00e9s de constatar los espacios utilizados para la remediaci\u00f3n y de identificar algunas zonas de un predio por solicitud del propietario, el Ministerio del Ambiente dispuso a la operadora que realice una medici\u00f3n topogr\u00e1fica de las \u00e1reas consideradas en la inspecci\u00f3n. Los resultados obtenidos ser\u00e1n contrastados con el levantamiento que hizo PETROECUADOR antes de ejecutar las actividades de remediaci\u00f3n. Con el c\u00e1lculo ser\u00e1 posible determinar si existieron \u00e1reas utilizadas que no fueron consideradas en el c\u00e1lculo inicial y se establecer\u00e1n las acciones para que PETROECUADOR realice una adecuada gesti\u00f3n.<\/p>\n<p style=\"text-align: justify;\">La inspecci\u00f3n del PRAS-MAE en El Reventador se suma a una serie de acciones de seguimiento efectuadas en territorio desde el a\u00f1o pasado, como las asambleas comunitarias que sirvieron para explicar los m\u00e9todos de supervisi\u00f3n, validaci\u00f3n y aprobaci\u00f3n que el PRAS-MAE aplic\u00f3 frente a las acciones ejecutadas por la operadora EP Petroecuador tras el derrame.<\/p>\n<p style=\"text-align: justify;\">Cabe mencionar que en el caso de El Reventador se realiz\u00f3 un riguroso proceso de seguimiento a las acciones de remediaci\u00f3n que realiz\u00f3 la operadora.<\/p>\n<p>&nbsp;<\/p>\n","protected":false},"excerpt":{"rendered":"<p class=\"excerpt\">Especialistas del Programa de Reparaci\u00f3n Ambiental y Social del Ministerio del Ambiente (PRAS-MAE) realizaron una inspecci\u00f3n en el kil\u00f3metro 82 de la tuber\u00eda 26 del Oleoducto Transecuatoriano, (SOTE), ubicado a 200 metros de la parroquia \u201cEl Reventador\u201d, Cant\u00f3n Gonzalo Pizarro, provincia de Sucumb\u00edos. El objetivo de la visita efectuada el 8 de julio fue verificar que la operadora responsable EP&hellip; <a href=\"https:\/\/www.ambienteyenergia.gob.ec\/ambiente\/mae-realizo-inspeccion-en-areas-remediadas-por-ep-petroecuador\/\">Read more &rarr;<\/a><\/p>\n","protected":false},"author":13,"featured_media":21418,"comment_status":"open","ping_status":"open","sticky":false,"template":"","format":"standard","meta":{"footnotes":""},"categories":[16,4],"tags":[387],"class_list":["post-21417","post","type-post","status-publish","format-standard","has-post-thumbnail","hentry","category-comunicamos","category-noticias","tag-mae-lorena-tapia","xfolkentry"],"_links":{"self":[{"href":"https:\/\/www.ambienteyenergia.gob.ec\/ambiente\/wp-json\/wp\/v2\/posts\/21417","targetHints":{"allow":["GET"]}}],"collection":[{"href":"https:\/\/www.ambienteyenergia.gob.ec\/ambiente\/wp-json\/wp\/v2\/posts"}],"about":[{"href":"https:\/\/www.ambienteyenergia.gob.ec\/ambiente\/wp-json\/wp\/v2\/types\/post"}],"author":[{"embeddable":true,"href":"https:\/\/www.ambienteyenergia.gob.ec\/ambiente\/wp-json\/wp\/v2\/users\/13"}],"replies":[{"embeddable":true,"href":"https:\/\/www.ambienteyenergia.gob.ec\/ambiente\/wp-json\/wp\/v2\/comments?post=21417"}],"version-history":[{"count":0,"href":"https:\/\/www.ambienteyenergia.gob.ec\/ambiente\/wp-json\/wp\/v2\/posts\/21417\/revisions"}],"wp:featuredmedia":[{"embeddable":true,"href":"https:\/\/www.ambienteyenergia.gob.ec\/ambiente\/wp-json\/wp\/v2\/media\/21418"}],"wp:attachment":[{"href":"https:\/\/www.ambienteyenergia.gob.ec\/ambiente\/wp-json\/wp\/v2\/media?parent=21417"}],"wp:term":[{"taxonomy":"category","embeddable":true,"href":"https:\/\/www.ambienteyenergia.gob.ec\/ambiente\/wp-json\/wp\/v2\/categories?post=21417"},{"taxonomy":"post_tag","embeddable":true,"href":"https:\/\/www.ambienteyenergia.gob.ec\/ambiente\/wp-json\/wp\/v2\/tags?post=21417"}],"curies":[{"name":"wp","href":"https:\/\/api.w.org\/{rel}","templated":true}]}}