{"id":21409,"date":"2014-07-11T12:21:40","date_gmt":"2014-07-11T17:21:40","guid":{"rendered":"http:\/\/www.ambiente.gob.ec\/?p=21409"},"modified":"2014-07-11T12:29:14","modified_gmt":"2014-07-11T17:29:14","slug":"ministerio-del-ambiente-promueve-el-plan-nacional-de-movilizacion-de-neumaticos","status":"publish","type":"post","link":"https:\/\/www.ambienteyenergia.gob.ec\/ambiente\/ministerio-del-ambiente-promueve-el-plan-nacional-de-movilizacion-de-neumaticos\/","title":{"rendered":"Ministerio del Ambiente promueve Plan Nacional de Movilizaci\u00f3n de Neum\u00e1ticos"},"content":{"rendered":"<p style=\"text-align: justify;\">El Ecuador desecha anualmente millones de neum\u00e1ticos, un porcentaje de ellos son reutilizados para el reencauchado, pero la gran mayor\u00eda son incinerados o depositados en basureros al aire libre, lo que representa una amenaza para el ambiente.<\/p>\n<p style=\"text-align: justify;\">Como respuesta a esta problem\u00e1tica, el Ministerio del Ambiente (MAE) expidi\u00f3 mediante el Acuerdo Ministerial No. 20,\u00a0 el Plan de Gesti\u00f3n Integral de los Neum\u00e1ticos Usados, que tiene como objetivo establecer los requisitos, procedimientos y especificaciones ambientales para la elaboraci\u00f3n, aplicaci\u00f3n y control del plan para la recuperaci\u00f3n y tratamiento de las llantas. As\u00ed tambi\u00e9n, el documento oficial establece el principio de responsabilidad extendida, bajo el cual, importadores y productores de neum\u00e1ticos deben recuperar alrededor del 20% de las 3\u00b4772.204 unidades que entraron al mercado ecuatoriano en el 2013.<\/p>\n<p style=\"text-align: justify;\">En ese sentido, el MAE, a trav\u00e9s del Programa Nacional para la Gesti\u00f3n Integral de Desechos S\u00f3lidos y en coordinaci\u00f3n con el Ministerio de Salud P\u00fablica del Ecuador,promueve el &#8216;Plan Nacional de Movilizaci\u00f3n de Neum\u00e1ticos Fuera de Uso&#8217;, con la finalidad de retirar las unidades acopiadas en botaderos o en rellenos sanitarios entreg\u00e1ndolos a gestores ambientales. Con esta iniciativa se evitar\u00e1 su inadecuada disposici\u00f3n, minimizando la proliferaci\u00f3n de vectores y de focos de contaminaci\u00f3n.<\/p>\n<p style=\"text-align: justify;\">Los neum\u00e1ticos fuera de uso son potenciales criaderos de larvas del mosquito del dengue y productores de vectores (agentes que pueden transmitir enfermedades), por ello la importancia del trabajo en conjunto entre ambas carteras de Estado.<\/p>\n<p style=\"text-align: justify;\">El Programa Nacional para la Gesti\u00f3n Integral de Desechos S\u00f3lidos del MAE realiza las gestiones para que productores o importadores de neum\u00e1ticos que hayan presentado sus planes de gesti\u00f3n integral, sean los encargados\u00a0 de la movilizaci\u00f3n y gesti\u00f3n de neum\u00e1ticos en los distintos puntos alrededor del pa\u00eds.De la misma forma, el plan de gesti\u00f3n establece los procedimientos para recuperar y reencauchar o reciclar el 20% de los productos que cada empresa puso en el mercado el a\u00f1o 2013 a trav\u00e9s de gestores autorizados conforme lo se\u00f1ala su plan.<\/p>\n<p style=\"text-align: justify;\">Por su parte, el Ministerio de Salud P\u00fablica coordina con el Municipio para realizar una fumigaci\u00f3n, previa al retiro de los neum\u00e1ticos. As\u00ed tambi\u00e9n, coordina para que se encuentren en un solo punto del lugar de retiro.<\/p>\n<p style=\"text-align: justify;\">El Plan Nacional de Movilizaci\u00f3n 2014 inici\u00f3 en la ciudad de Manta, en donde por un per\u00edodo de 20 d\u00edas, el importador retir\u00f3 un total de 15200 neum\u00e1ticos fuera de uso del Vertedero Mancomunado de Costa Limpia, cubriendo todos los costos relativos a dicho procedimiento. Actualmente, se encuentran en per\u00edodo de retiro 5000 llantas de Loja, 5370 de Esmeraldas, 590 de Guaranda y 230 de Pelileo. El MAEprev\u00e9 retirar los neum\u00e1ticos en todos los centros de disposici\u00f3n final del pa\u00eds, recuperando cerca de 60000 unidades.<\/p>\n<p style=\"text-align: justify;\">Esta iniciativa parte del inter\u00e9s del Ministerio del Ambiente por impulsar pol\u00edticas de aprovechamiento y gesti\u00f3n integral de residuos s\u00f3lidos. El retiro de los neum\u00e1ticos es importante porque permite alargar la vida \u00fatil de los mismos, beneficiando a la poblaci\u00f3n en general, principalmente\u00a0 en t\u00e9rminos de salud\u00a0 p\u00fablica.<\/p>\n","protected":false},"excerpt":{"rendered":"<p class=\"excerpt\">El Ecuador desecha anualmente millones de neum\u00e1ticos, un porcentaje de ellos son reutilizados para el reencauchado, pero la gran mayor\u00eda son incinerados o depositados en basureros al aire libre, lo que representa una amenaza para el ambiente. Como respuesta a esta problem\u00e1tica, el Ministerio del Ambiente (MAE) expidi\u00f3 mediante el Acuerdo Ministerial No. 20,\u00a0 el Plan de Gesti\u00f3n Integral de&hellip; <a href=\"https:\/\/www.ambienteyenergia.gob.ec\/ambiente\/ministerio-del-ambiente-promueve-el-plan-nacional-de-movilizacion-de-neumaticos\/\">Read more &rarr;<\/a><\/p>\n","protected":false},"author":13,"featured_media":21410,"comment_status":"open","ping_status":"open","sticky":false,"template":"","format":"standard","meta":{"footnotes":""},"categories":[16,4],"tags":[],"class_list":["post-21409","post","type-post","status-publish","format-standard","has-post-thumbnail","hentry","category-comunicamos","category-noticias","xfolkentry"],"_links":{"self":[{"href":"https:\/\/www.ambienteyenergia.gob.ec\/ambiente\/wp-json\/wp\/v2\/posts\/21409","targetHints":{"allow":["GET"]}}],"collection":[{"href":"https:\/\/www.ambienteyenergia.gob.ec\/ambiente\/wp-json\/wp\/v2\/posts"}],"about":[{"href":"https:\/\/www.ambienteyenergia.gob.ec\/ambiente\/wp-json\/wp\/v2\/types\/post"}],"author":[{"embeddable":true,"href":"https:\/\/www.ambienteyenergia.gob.ec\/ambiente\/wp-json\/wp\/v2\/users\/13"}],"replies":[{"embeddable":true,"href":"https:\/\/www.ambienteyenergia.gob.ec\/ambiente\/wp-json\/wp\/v2\/comments?post=21409"}],"version-history":[{"count":0,"href":"https:\/\/www.ambienteyenergia.gob.ec\/ambiente\/wp-json\/wp\/v2\/posts\/21409\/revisions"}],"wp:featuredmedia":[{"embeddable":true,"href":"https:\/\/www.ambienteyenergia.gob.ec\/ambiente\/wp-json\/wp\/v2\/media\/21410"}],"wp:attachment":[{"href":"https:\/\/www.ambienteyenergia.gob.ec\/ambiente\/wp-json\/wp\/v2\/media?parent=21409"}],"wp:term":[{"taxonomy":"category","embeddable":true,"href":"https:\/\/www.ambienteyenergia.gob.ec\/ambiente\/wp-json\/wp\/v2\/categories?post=21409"},{"taxonomy":"post_tag","embeddable":true,"href":"https:\/\/www.ambienteyenergia.gob.ec\/ambiente\/wp-json\/wp\/v2\/tags?post=21409"}],"curies":[{"name":"wp","href":"https:\/\/api.w.org\/{rel}","templated":true}]}}