{"id":21402,"date":"2014-07-10T21:46:43","date_gmt":"2014-07-11T02:46:43","guid":{"rendered":"http:\/\/www.ambiente.gob.ec\/?p=21402"},"modified":"2014-07-11T09:20:36","modified_gmt":"2014-07-11T14:20:36","slug":"ministerio-del-ambiente-levanta-suspension-del-dragado-en-puerto-jeli","status":"publish","type":"post","link":"https:\/\/www.ambienteyenergia.gob.ec\/ambiente\/ministerio-del-ambiente-levanta-suspension-del-dragado-en-puerto-jeli\/","title":{"rendered":"Ministerio del Ambiente levanta suspensi\u00f3n del dragado en Puerto Jel\u00ed"},"content":{"rendered":"<p style=\"text-align: justify;\">Luego de los an\u00e1lisis de las muestras de agua, suelo, sedimento y bioensayos realizados en Puerto Jel\u00ed, el Ministerio del Ambiente levant\u00f3 la suspensi\u00f3n del dragado en ese estero de la provincia de El Oro. Sin embargo, esta Cartera de Estado har\u00e1 un seguimiento exhaustivo a todas las fases del proyecto para garantizar la protecci\u00f3n de los ecosistemas fr\u00e1giles de este importante estuario.<\/p>\n<p style=\"text-align: justify;\">El 30 de abril de 2014, el MAE suspendi\u00f3 la ejecuci\u00f3n del dragado del estero Jel\u00ed por incumplimiento de las obligaciones que se manifiestan en la Licencia Ambiental otorgada para la realizaci\u00f3n de las actividades contempladas en el proyecto presentado por el Gobierno Provincial Aut\u00f3nomo de El Oro (GPAO). La prioridad de la Autoridad Ambiental es cuidar y proteger a los ciudadanos para que todos los procesos sean t\u00e9cnicos y as\u00ed para minimizar los impactos.<\/p>\n<p style=\"text-align: justify;\">En este contexto, fundamentado en el principio de prevenci\u00f3n, plasmado en la Constituci\u00f3n de la Rep\u00fablica, el Ministerio del Ambiente, como M\u00e1xima Autoridad Ambiental, asumi\u00f3 la realizaci\u00f3n de los an\u00e1lisis de sedimento, agua, suelo y bioensayos, y con esto, el cumplimiento de lo que establece el Numeral 2 de la Licencia Ambiental para la ejecuci\u00f3n del proyecto Dragado del Estero de Puerto Jel\u00ed.<\/p>\n<p style=\"text-align: justify;\">Siendo lo antes expuesto, las correcciones a las observaciones que motivaron la suspensi\u00f3n del Proyecto de Dragado de Puerto Jel\u00ed, establecidas en el Oficio MAE-DPAEO-2014-0980, de 30 de abril de 2014, referente al lugar de disposici\u00f3n final del material producto del dragado, y una vez que se ha dado cumplimiento a la obligaci\u00f3n descrita en el numeral 2 de la Licencia Ambiental del Proyecto de Dragado del Estero de Puerto Jel\u00ed, la Direcci\u00f3n Provincial de El Oro dispuso que se incluya en la ejecuci\u00f3n del proyecto, las recomendaciones de los bioensayos y an\u00e1lisis de laboratorio y que se levante la suspensi\u00f3n del proyecto antes mencionado.<\/p>\n<p style=\"text-align: justify;\">En este proceso de muestreo y levantamiento de informaci\u00f3n, liderado por el Ministerio del Ambiente, participaron varios actores, entre ellos, el sector productivo, camaroneros, municipios, asamble\u00edstas y ciudadanos de la provincia y as\u00ed se concret\u00f3 un proceso participativo e incluyente para obtener beneficios a favor del pa\u00eds.<\/p>\n<p style=\"text-align: justify;\"><span style=\"font-family: Batang,serif;\"><span style=\"font-size: 12pt;\"><span style=\"color: #000000;\"><span lang=\"es-EC\">Al ser el dragado un proyecto prioritario para el pa\u00eds y siendo el MAE el ente que gestiona la conservaci\u00f3n de ecosistemas fr\u00e1giles, como el manglar, esta decisi\u00f3n fortaleci\u00f3 y precautel\u00f3 el Buen Vivir de la poblaci\u00f3n y del sector productivo de Puerto Jel\u00ed y Santa Rosa.<\/span><\/span><\/span><\/span><\/p>\n","protected":false},"excerpt":{"rendered":"<p class=\"excerpt\">Luego de los an\u00e1lisis de las muestras de agua, suelo, sedimento y bioensayos realizados en Puerto Jel\u00ed, el Ministerio del Ambiente levant\u00f3 la suspensi\u00f3n del dragado en ese estero de la provincia de El Oro. Sin embargo, esta Cartera de Estado har\u00e1 un seguimiento exhaustivo a todas las fases del proyecto para garantizar la protecci\u00f3n de los ecosistemas fr\u00e1giles de&hellip; <a href=\"https:\/\/www.ambienteyenergia.gob.ec\/ambiente\/ministerio-del-ambiente-levanta-suspension-del-dragado-en-puerto-jeli\/\">Read more &rarr;<\/a><\/p>\n","protected":false},"author":13,"featured_media":20789,"comment_status":"open","ping_status":"open","sticky":false,"template":"","format":"standard","meta":{"footnotes":""},"categories":[16,4],"tags":[],"class_list":["post-21402","post","type-post","status-publish","format-standard","has-post-thumbnail","hentry","category-comunicamos","category-noticias","xfolkentry"],"_links":{"self":[{"href":"https:\/\/www.ambienteyenergia.gob.ec\/ambiente\/wp-json\/wp\/v2\/posts\/21402","targetHints":{"allow":["GET"]}}],"collection":[{"href":"https:\/\/www.ambienteyenergia.gob.ec\/ambiente\/wp-json\/wp\/v2\/posts"}],"about":[{"href":"https:\/\/www.ambienteyenergia.gob.ec\/ambiente\/wp-json\/wp\/v2\/types\/post"}],"author":[{"embeddable":true,"href":"https:\/\/www.ambienteyenergia.gob.ec\/ambiente\/wp-json\/wp\/v2\/users\/13"}],"replies":[{"embeddable":true,"href":"https:\/\/www.ambienteyenergia.gob.ec\/ambiente\/wp-json\/wp\/v2\/comments?post=21402"}],"version-history":[{"count":0,"href":"https:\/\/www.ambienteyenergia.gob.ec\/ambiente\/wp-json\/wp\/v2\/posts\/21402\/revisions"}],"wp:featuredmedia":[{"embeddable":true,"href":"https:\/\/www.ambienteyenergia.gob.ec\/ambiente\/wp-json\/wp\/v2\/media\/20789"}],"wp:attachment":[{"href":"https:\/\/www.ambienteyenergia.gob.ec\/ambiente\/wp-json\/wp\/v2\/media?parent=21402"}],"wp:term":[{"taxonomy":"category","embeddable":true,"href":"https:\/\/www.ambienteyenergia.gob.ec\/ambiente\/wp-json\/wp\/v2\/categories?post=21402"},{"taxonomy":"post_tag","embeddable":true,"href":"https:\/\/www.ambienteyenergia.gob.ec\/ambiente\/wp-json\/wp\/v2\/tags?post=21402"}],"curies":[{"name":"wp","href":"https:\/\/api.w.org\/{rel}","templated":true}]}}