{"id":21398,"date":"2014-07-10T16:58:05","date_gmt":"2014-07-10T21:58:05","guid":{"rendered":"http:\/\/www.ambiente.gob.ec\/?p=21398"},"modified":"2014-07-10T16:58:05","modified_gmt":"2014-07-10T21:58:05","slug":"mae-rescato-cinco-ejemplares-de-vida-silvestre-en-azuay","status":"publish","type":"post","link":"https:\/\/www.ambienteyenergia.gob.ec\/ambiente\/mae-rescato-cinco-ejemplares-de-vida-silvestre-en-azuay\/","title":{"rendered":"MAE rescat\u00f3 cinco ejemplares de vida silvestre en Azuay"},"content":{"rendered":"<p style=\"text-align: justify;\">El Ministerio del Ambiente (MAE), en coordinaci\u00f3n con la Unidad de Protecci\u00f3n del Medio Ambiente de la Polic\u00eda Nacional, rescat\u00f3 a cinco especies de vida silvestre en la provincia de Azuay, tras recibir una denuncia telef\u00f3nica en la que se informaba sobre la presencia de los espec\u00edmenes en la parroquia Ricaurte del cant\u00f3n Cuenca.<\/p>\n<p style=\"text-align: justify;\">\n<p style=\"text-align: justify;\">Entre los animales decomisados est\u00e1n tres tordos, un chirote y un loro cabeciazul. Inmediatamente conocido el hecho, t\u00e9cnicos de la Direcci\u00f3n Provincial del Ambiente de Azuay se movilizaron a la zona para verificar la condici\u00f3n de los ejemplares.<\/p>\n<p style=\"text-align: justify;\">\n<p style=\"text-align: justify;\">Luego de un an\u00e1lisis, se determin\u00f3 que las aves se encontraban aparentemente bien de salud, por lo que se procedi\u00f3 a trasladarlas a un centro de rescate cercano, donde se les har\u00e1n estudios m\u00e1s exhaustivos para determinar si es posible o no devolverlas a su h\u00e1bitat natural.<\/p>\n<p style=\"text-align: justify;\">\nEl MAE, por su parte, continuar\u00e1 con los operativos de control, con el prop\u00f3sito de evitar el tr\u00e1fico ilegal de fauna silvestre. Asimismo, realizar\u00e1 varias campa\u00f1as de concientizaci\u00f3n para explicar el riesgo y responsabilidad que implica tener espec\u00edmenes silvestres como mascotas.<\/p>\n<p style=\"text-align: justify;\">\n","protected":false},"excerpt":{"rendered":"<p class=\"excerpt\">El Ministerio del Ambiente (MAE), en coordinaci\u00f3n con la Unidad de Protecci\u00f3n del Medio Ambiente de la Polic\u00eda Nacional, rescat\u00f3 a cinco especies de vida silvestre en la provincia de Azuay, tras recibir una denuncia telef\u00f3nica en la que se informaba sobre la presencia de los espec\u00edmenes en la parroquia Ricaurte del cant\u00f3n Cuenca. Entre los animales decomisados est\u00e1n tres&hellip; <a href=\"https:\/\/www.ambienteyenergia.gob.ec\/ambiente\/mae-rescato-cinco-ejemplares-de-vida-silvestre-en-azuay\/\">Read more &rarr;<\/a><\/p>\n","protected":false},"author":13,"featured_media":21399,"comment_status":"open","ping_status":"open","sticky":false,"template":"","format":"standard","meta":{"footnotes":""},"categories":[16,4],"tags":[],"class_list":["post-21398","post","type-post","status-publish","format-standard","has-post-thumbnail","hentry","category-comunicamos","category-noticias","xfolkentry"],"_links":{"self":[{"href":"https:\/\/www.ambienteyenergia.gob.ec\/ambiente\/wp-json\/wp\/v2\/posts\/21398","targetHints":{"allow":["GET"]}}],"collection":[{"href":"https:\/\/www.ambienteyenergia.gob.ec\/ambiente\/wp-json\/wp\/v2\/posts"}],"about":[{"href":"https:\/\/www.ambienteyenergia.gob.ec\/ambiente\/wp-json\/wp\/v2\/types\/post"}],"author":[{"embeddable":true,"href":"https:\/\/www.ambienteyenergia.gob.ec\/ambiente\/wp-json\/wp\/v2\/users\/13"}],"replies":[{"embeddable":true,"href":"https:\/\/www.ambienteyenergia.gob.ec\/ambiente\/wp-json\/wp\/v2\/comments?post=21398"}],"version-history":[{"count":0,"href":"https:\/\/www.ambienteyenergia.gob.ec\/ambiente\/wp-json\/wp\/v2\/posts\/21398\/revisions"}],"wp:featuredmedia":[{"embeddable":true,"href":"https:\/\/www.ambienteyenergia.gob.ec\/ambiente\/wp-json\/wp\/v2\/media\/21399"}],"wp:attachment":[{"href":"https:\/\/www.ambienteyenergia.gob.ec\/ambiente\/wp-json\/wp\/v2\/media?parent=21398"}],"wp:term":[{"taxonomy":"category","embeddable":true,"href":"https:\/\/www.ambienteyenergia.gob.ec\/ambiente\/wp-json\/wp\/v2\/categories?post=21398"},{"taxonomy":"post_tag","embeddable":true,"href":"https:\/\/www.ambienteyenergia.gob.ec\/ambiente\/wp-json\/wp\/v2\/tags?post=21398"}],"curies":[{"name":"wp","href":"https:\/\/api.w.org\/{rel}","templated":true}]}}