{"id":21394,"date":"2014-07-10T16:24:59","date_gmt":"2014-07-10T21:24:59","guid":{"rendered":"http:\/\/www.ambiente.gob.ec\/?p=21394"},"modified":"2014-07-14T08:04:08","modified_gmt":"2014-07-14T13:04:08","slug":"ministra-tapia-realiza-recorrido-para-constatar-los-trabajo-de-remediacion-en-el-estero-salado-junto-al-presidente-correa","status":"publish","type":"post","link":"https:\/\/www.ambienteyenergia.gob.ec\/ambiente\/ministra-tapia-realiza-recorrido-para-constatar-los-trabajo-de-remediacion-en-el-estero-salado-junto-al-presidente-correa\/","title":{"rendered":"Ministra Tapia realiza recorrido para constatar los trabajos de remediaci\u00f3n en el Estero Salado, junto al Presidente Correa"},"content":{"rendered":"<p style=\"text-align: justify;\">Hoy, la Ministra del Ambiente de Ecuador, Lorena Tapia realiz\u00f3 un recorrido por el Estero Salado en compa\u00f1\u00eda del Presidente de la Rep\u00fablica, Rafael Correa, con el objetivo de constatar los avances en las obras de regeneraci\u00f3n de este brazo de mar, adem\u00e1s de verificar el inicio en el proceso de recuperaci\u00f3n en el Estero Palanqueado.<\/p>\n<p style=\"text-align: justify;\">\u201cHoy damos inicio al seguimiento del trabajo que se lleva a cabo por parte del Proyecto Guayaquil Ecol\u00f3gico con el objetivo de remediar la contaminaci\u00f3n en el Estero Salado, un lugar emblem\u00e1tico, que el Gobierno de la Revoluci\u00f3n Ciudadana lograr\u00e1 remediarlo totalmente hasta el a\u00f1o 2017\u201d enfatiz\u00f3 la Ministra del Ambiente.<\/p>\n<p style=\"text-align: justify;\">Los lugares de restauraci\u00f3n que se visitaron durante el recorrido fueron los estrangulamientos de las Ranas y Palanqueado. En la cita, la autoridad ambiental recalc\u00f3 el trabajo que se realiza con los ciudadanos por medio de Educaci\u00f3n Ambiental, pilar fundamental para lograr el objetivo contemplado por esta Cartera de Estado, que tiene como fin no solo la tem\u00e1tica ambiental sino entregar a Guayaquil un espacio comunitario para toda la ciudad.<\/p>\n<p style=\"text-align: justify;\">Las actividades que ha realizado el Ministerio del Ambiente de Ecuador (MAE), con el objetivo de lograr una remediaci\u00f3n sostenible y efectiva del Estero ha contemplado la eliminaci\u00f3n de fuentes de contaminaci\u00f3n, domestica e industrial, originada por descargas de aguas residuales a orillas de sus diferentes ramales. Es por tal motivo que se sancion\u00f3 a cerca de 80 empresas y seis de estas fueron clausuradas, incluyendo un centro comercial de la ciudad.<\/p>\n<p style=\"text-align: justify;\">Adem\u00e1s de estas actividades, se ha logrado la recolecci\u00f3n de desechos en los espejos de agua, comprendidos en los Esteros Santa Ana, Cobina, Lagarto, y del Muerto, estas actividades han tenido un \u00e9xito rotundo a nivel social y ambiental gracias a la participaci\u00f3n activa de los ciudadanos en lo que respecta al trabajo directo con la comunidad de los sectores aleda\u00f1os al Estero Salado.<\/p>\n<p style=\"text-align: justify;\">En su presentaci\u00f3n a la comunidad la M\u00e1xima Autoridad Ambiental, expuso sobre el proceso de restauraci\u00f3n del ramal Palanqueado, que inici\u00f3 el pasado mes de junio. \u201cEl plan de remediaci\u00f3n contempla tres fases de trabajos, comprendidos en Extracci\u00f3n de Estrangulamiento que se desarrollar\u00e1 a trav\u00e9s de la Remoci\u00f3n, Deshidrataci\u00f3n y Disposici\u00f3n final de material de relleno extra\u00eddo en la obra; el tratamiento de los sedimentos, se lo har\u00e1 por medio del Dragado de lodos, reducci\u00f3n con t\u00e9cnica para metales pesados; y finalmente se contempla el tratamiento de agua, con la depuraci\u00f3n de contaminantes y la reconformaci\u00f3n de taludes\u201d, se\u00f1al\u00f3 Lorena Tapia.<\/p>\n<p style=\"text-align: justify;\">Una vez concluida la remediaci\u00f3n ambiental, y durante los trabajos que se ejecutan en el Estero Salado, el MAE realizar\u00e1 controles permanentes de monitoreo de descargas de nivel industrial y dom\u00e9stico, tambi\u00e9n se prev\u00e9 verificar la conexi\u00f3n de fuentes de descarga a los sistemas de aguas servidas y agua lluvia o alcantarillado con el fin de garantizar que las aguas residuales cumplan con su debido proceso de eliminaci\u00f3n.<\/p>\n<p style=\"text-align: justify;\">El Presidente Rafael Correa enfatiz\u00f3 que esta obra necesita la colaboraci\u00f3n de los habitantes del Estero, para que sea un emblema no solo de la ciudad, sino tambi\u00e9n a nivel mundial, por el car\u00e1cter ecol\u00f3gico y social que representa. \u201cAs\u00ed podremos demostrar, juntos, que el trabajo del Gobierno Nacional tiene la obligaci\u00f3n de brindar a todos los ciudadanos un ambiente sano para lograr el desarrollo sostenible de este gran proyecto que es el Buen Vivir\u201d.<\/p>\n<p style=\"text-align: justify;\">Para finalizar esta jornada, la Ministra Lorena Tapia, agradeci\u00f3 el apoyo de toda la ciudadan\u00eda en el trabajo que realiza esta Cartera de Estado, con el fin de contribuir al desarrollo de los guayaquile\u00f1os, y de todo el pa\u00eds, para lograr un Ecuador Verde.<\/p>\n<p style=\"text-align: justify;\"><strong>Visita a Isla Santay<\/strong><\/p>\n<p style=\"text-align: justify;\">En el marco de la visita a la ciudad de Guayaquil, la Ministra del Ambiente, Lorena Tapia, acompa\u00f1\u00f3 al Presidente de la Rep\u00fablica, Rafael Correa, junto a otros Ministros en su recorrido para constatar los avances de la obra de construcci\u00f3n del puente peatonal y ciclov\u00eda que unir\u00e1 a la ciudad de Dur\u00e1n con la Isla Santay.<\/p>\n<p style=\"text-align: justify;\">En la visita, el primer mandatario recorri\u00f3 la obra que tiene una extensi\u00f3n de 678 metros de largo y contar\u00e1 con el segundo puente basculante del pa\u00eds. Al llegar a Santay, el presidente reconoci\u00f3 las bondades de\u00a0 estar en pocos minutos en un microclima de manglar.<\/p>\n<p style=\"text-align: justify;\">Este proyecto brindar\u00e1 a los habitantes de Dur\u00e1n un espacio de esparcimiento. \u201c\u00c9ste se constituir\u00e1 en un lugar p\u00fablico \u2013 comunitario, de car\u00e1cter \u00fanico en el mundo, por sus caracter\u00edsticas\u201d, recalc\u00f3 el Presidente Rafael Correa.<\/p>\n<p style=\"text-align: justify;\">Se prev\u00e9 que el trayecto total, que contempla una caminera elevada sobre el manglar dentro de la Isla Santay, se lo pueda realizar en m\u00e1ximo 10 minutos, si se lo atraviesa en bicicleta y 30 minutos si se lo realiza a pie.<\/p>\n","protected":false},"excerpt":{"rendered":"<p class=\"excerpt\">Hoy, la Ministra del Ambiente de Ecuador, Lorena Tapia realiz\u00f3 un recorrido por el Estero Salado en compa\u00f1\u00eda del Presidente de la Rep\u00fablica, Rafael Correa, con el objetivo de constatar los avances en las obras de regeneraci\u00f3n de este brazo de mar, adem\u00e1s de verificar el inicio en el proceso de recuperaci\u00f3n en el Estero Palanqueado. \u201cHoy damos inicio al&hellip; <a href=\"https:\/\/www.ambienteyenergia.gob.ec\/ambiente\/ministra-tapia-realiza-recorrido-para-constatar-los-trabajo-de-remediacion-en-el-estero-salado-junto-al-presidente-correa\/\">Read more &rarr;<\/a><\/p>\n","protected":false},"author":13,"featured_media":21397,"comment_status":"open","ping_status":"open","sticky":false,"template":"","format":"standard","meta":{"footnotes":""},"categories":[16,4],"tags":[],"class_list":["post-21394","post","type-post","status-publish","format-standard","has-post-thumbnail","hentry","category-comunicamos","category-noticias","xfolkentry"],"_links":{"self":[{"href":"https:\/\/www.ambienteyenergia.gob.ec\/ambiente\/wp-json\/wp\/v2\/posts\/21394","targetHints":{"allow":["GET"]}}],"collection":[{"href":"https:\/\/www.ambienteyenergia.gob.ec\/ambiente\/wp-json\/wp\/v2\/posts"}],"about":[{"href":"https:\/\/www.ambienteyenergia.gob.ec\/ambiente\/wp-json\/wp\/v2\/types\/post"}],"author":[{"embeddable":true,"href":"https:\/\/www.ambienteyenergia.gob.ec\/ambiente\/wp-json\/wp\/v2\/users\/13"}],"replies":[{"embeddable":true,"href":"https:\/\/www.ambienteyenergia.gob.ec\/ambiente\/wp-json\/wp\/v2\/comments?post=21394"}],"version-history":[{"count":0,"href":"https:\/\/www.ambienteyenergia.gob.ec\/ambiente\/wp-json\/wp\/v2\/posts\/21394\/revisions"}],"wp:featuredmedia":[{"embeddable":true,"href":"https:\/\/www.ambienteyenergia.gob.ec\/ambiente\/wp-json\/wp\/v2\/media\/21397"}],"wp:attachment":[{"href":"https:\/\/www.ambienteyenergia.gob.ec\/ambiente\/wp-json\/wp\/v2\/media?parent=21394"}],"wp:term":[{"taxonomy":"category","embeddable":true,"href":"https:\/\/www.ambienteyenergia.gob.ec\/ambiente\/wp-json\/wp\/v2\/categories?post=21394"},{"taxonomy":"post_tag","embeddable":true,"href":"https:\/\/www.ambienteyenergia.gob.ec\/ambiente\/wp-json\/wp\/v2\/tags?post=21394"}],"curies":[{"name":"wp","href":"https:\/\/api.w.org\/{rel}","templated":true}]}}