{"id":21391,"date":"2014-07-10T15:59:05","date_gmt":"2014-07-10T20:59:05","guid":{"rendered":"http:\/\/www.ambiente.gob.ec\/?p=21391"},"modified":"2014-07-10T15:59:05","modified_gmt":"2014-07-10T20:59:05","slug":"primer-ministro-de-san-vicente-y-granadinas-visita-las-islas-galapagos","status":"publish","type":"post","link":"https:\/\/www.ambienteyenergia.gob.ec\/ambiente\/primer-ministro-de-san-vicente-y-granadinas-visita-las-islas-galapagos\/","title":{"rendered":"Primer Ministro de San Vicente y Granadinas visita las islas Gal\u00e1pagos"},"content":{"rendered":"<p style=\"text-align: justify;\">El Primer Ministro de San Vicente y Granadinas, Ralf Goncalves, arrib\u00f3 ayer a las islas Gal\u00e1pagos para cumplir con una agenda de trabajo que incluye una visita t\u00e9cnica a diferentes proyectos que ejecuta el Estado ecuatoriano en el archipi\u00e9lago.<\/p>\n<p style=\"text-align: justify;\">En la tarde, Gonsalves y una peque\u00f1a comitiva que lo acompa\u00f1a recorrieron las instalaciones del Centro de Crianza de Tortugas Gigantes de la Direcci\u00f3n del Parque Nacional Gal\u00e1pagos (DPNG), en Santa Cruz, en donde pudo conocer sobre los avances en el manejo de las especies de tortugas que se reproducen.<\/p>\n<p style=\"text-align: justify;\">Como parte de la agenda oficial, el Director de Ecosistemas del PNG, V\u00edctor Carri\u00f3n, en un acto simb\u00f3lico realizado en el corral de preadaptaci\u00f3n, design\u00f3 a Gonsalves como padrino oficial de la tortuguita No. 10, de la especie Chelonoidis Darwini de la isla Santiago, correspondiente a la nidada 2013. Por su parte, el primer Ministro nombr\u00f3 a la peque\u00f1a tortuga con el nombre de San Vicente, en homenaje a su pa\u00eds.<\/p>\n<p style=\"text-align: justify;\">Posteriormente, la delegaci\u00f3n continu\u00f3 con el recorrido por este centro de crianza de tortugas, en donde tambi\u00e9n hay iguanas terrestres.<\/p>\n<p style=\"text-align: justify;\">El primer Ministro de San Vicente y Granadinas, Ralf Gonsalves, continuar\u00e1 su visita por las islas Gal\u00e1pagos, hasta el pr\u00f3ximo\u00a0s\u00e1bado.<\/p>\n","protected":false},"excerpt":{"rendered":"<p class=\"excerpt\">El Primer Ministro de San Vicente y Granadinas, Ralf Goncalves, arrib\u00f3 ayer a las islas Gal\u00e1pagos para cumplir con una agenda de trabajo que incluye una visita t\u00e9cnica a diferentes proyectos que ejecuta el Estado ecuatoriano en el archipi\u00e9lago. En la tarde, Gonsalves y una peque\u00f1a comitiva que lo acompa\u00f1a recorrieron las instalaciones del Centro de Crianza de Tortugas Gigantes&hellip; <a href=\"https:\/\/www.ambienteyenergia.gob.ec\/ambiente\/primer-ministro-de-san-vicente-y-granadinas-visita-las-islas-galapagos\/\">Read more &rarr;<\/a><\/p>\n","protected":false},"author":13,"featured_media":21392,"comment_status":"open","ping_status":"open","sticky":false,"template":"","format":"standard","meta":{"footnotes":""},"categories":[16,4],"tags":[],"class_list":["post-21391","post","type-post","status-publish","format-standard","has-post-thumbnail","hentry","category-comunicamos","category-noticias","xfolkentry"],"_links":{"self":[{"href":"https:\/\/www.ambienteyenergia.gob.ec\/ambiente\/wp-json\/wp\/v2\/posts\/21391","targetHints":{"allow":["GET"]}}],"collection":[{"href":"https:\/\/www.ambienteyenergia.gob.ec\/ambiente\/wp-json\/wp\/v2\/posts"}],"about":[{"href":"https:\/\/www.ambienteyenergia.gob.ec\/ambiente\/wp-json\/wp\/v2\/types\/post"}],"author":[{"embeddable":true,"href":"https:\/\/www.ambienteyenergia.gob.ec\/ambiente\/wp-json\/wp\/v2\/users\/13"}],"replies":[{"embeddable":true,"href":"https:\/\/www.ambienteyenergia.gob.ec\/ambiente\/wp-json\/wp\/v2\/comments?post=21391"}],"version-history":[{"count":0,"href":"https:\/\/www.ambienteyenergia.gob.ec\/ambiente\/wp-json\/wp\/v2\/posts\/21391\/revisions"}],"wp:featuredmedia":[{"embeddable":true,"href":"https:\/\/www.ambienteyenergia.gob.ec\/ambiente\/wp-json\/wp\/v2\/media\/21392"}],"wp:attachment":[{"href":"https:\/\/www.ambienteyenergia.gob.ec\/ambiente\/wp-json\/wp\/v2\/media?parent=21391"}],"wp:term":[{"taxonomy":"category","embeddable":true,"href":"https:\/\/www.ambienteyenergia.gob.ec\/ambiente\/wp-json\/wp\/v2\/categories?post=21391"},{"taxonomy":"post_tag","embeddable":true,"href":"https:\/\/www.ambienteyenergia.gob.ec\/ambiente\/wp-json\/wp\/v2\/tags?post=21391"}],"curies":[{"name":"wp","href":"https:\/\/api.w.org\/{rel}","templated":true}]}}