{"id":21387,"date":"2014-07-10T13:53:45","date_gmt":"2014-07-10T18:53:45","guid":{"rendered":"http:\/\/www.ambiente.gob.ec\/?p=21387"},"modified":"2014-07-10T13:53:45","modified_gmt":"2014-07-10T18:53:45","slug":"mae-realizo-el-diagnostico-y-evaluacion-del-manejo-sostenible-de-la-tierra-y-adaptacion-al-cambio-climatico-en-zapotillo","status":"publish","type":"post","link":"https:\/\/www.ambienteyenergia.gob.ec\/ambiente\/mae-realizo-el-diagnostico-y-evaluacion-del-manejo-sostenible-de-la-tierra-y-adaptacion-al-cambio-climatico-en-zapotillo\/","title":{"rendered":"MAE realiz\u00f3 el diagn\u00f3stico y evaluaci\u00f3n del Manejo Sostenible de la Tierra y adaptaci\u00f3n al cambio clim\u00e1tico en Zapotillo"},"content":{"rendered":"<p style=\"text-align: justify;\">El Ministerio del Ambiente, a trav\u00e9s de la Subsecretar\u00eda de Cambio Clim\u00e1tico y su proyecto \u201cGesti\u00f3n Integrada para la Lucha contra la Desertificaci\u00f3n, Degradaci\u00f3n de la Tierra y Adaptaci\u00f3n al Cambio Clim\u00e1tico y con el apoyo de la Direcci\u00f3n Provincial del Ambiente de Loja, realiz\u00f3 el Taller de Levantamiento de Informaci\u00f3n para disponer de herramientas e insumos de informaci\u00f3n base respecto a la problem\u00e1tica de los procesos de desertificaci\u00f3n, degradaci\u00f3n de la tierra, sequ\u00eda (DDTS) y adaptaci\u00f3n al cambio clim\u00e1tico (ACC), en el cant\u00f3n Zapotillo, el cual fue priorizado por el proyecto, para la implementaci\u00f3n de acciones de investigaci\u00f3n y de gesti\u00f3n en territorio.<\/p>\n<p style=\"text-align: justify;\">\n<p style=\"text-align: justify;\">El prop\u00f3sito del taller fue socializar la gesti\u00f3n ejecutada por esta Cartera de Estado, respecto a la problem\u00e1tica de la DDTS a nivel nacional, identificar a los principales actores en territorio que gestionan la DDTS y determinar c\u00f3mo las diferentes causas y consecuencias de los procesos de degradaci\u00f3n, afectan a los usuarios de la tierra y a los servicios ecosist\u00e9micos que brinda el bosque seco del sur del Ecuador.<\/p>\n<p style=\"text-align: justify;\">Es necesario resaltar la predisposici\u00f3n y gesti\u00f3n realizada por el GAD Municipal Zapotillo a trav\u00e9s de la alcaldesa Yuliana Rogel Moncada, quien apoy\u00f3 con todos los recursos log\u00edstico y operacionales para su desarrollo y se aperson\u00f3 para convocar a los distintos niveles de gobierno en el cant\u00f3n.<\/p>\n<p style=\"text-align: justify;\">\n<p style=\"text-align: justify;\">El evento sirvi\u00f3 para intercambiar conocimientos, generaci\u00f3n de espacios de discusi\u00f3n y an\u00e1lisis respecto a temas relacionados con la DDTS como seguridad alimentaria, manejo de cuencas y recursos h\u00eddricos, gesti\u00f3n de riesgos, manejo y conservaci\u00f3n de diversidad biol\u00f3gica en la zona de influencia del bosque seco.<\/p>\n<p style=\"text-align: justify;\">Al finalizar, se establecieron los pr\u00f3ximos pasos a desarrollarse de forma coordinada e intersectorial, a fin de fortalecer la gesti\u00f3n del combate de la desertificaci\u00f3n y el cambio clim\u00e1tico en la zona del bosque seco.<\/p>\n<p style=\"text-align: justify;\">La jornada de trabajo cont\u00f3 con la presencia de funcionarios de los GAD de Zapotillo, t\u00e9cnicos de organismos no gubernamentales, instituciones p\u00fablicas, gobiernos aut\u00f3nomos descentralizados, profesionales y cient\u00edficos del sector, as\u00ed como usuarios de la tierra, agricultores y emprendedores, involucrados en los procesos de desertificaci\u00f3n, degradaci\u00f3n de tierra y sequ\u00eda.<\/p>\n<p style=\"text-align: justify;\">\n","protected":false},"excerpt":{"rendered":"<p class=\"excerpt\">El Ministerio del Ambiente, a trav\u00e9s de la Subsecretar\u00eda de Cambio Clim\u00e1tico y su proyecto \u201cGesti\u00f3n Integrada para la Lucha contra la Desertificaci\u00f3n, Degradaci\u00f3n de la Tierra y Adaptaci\u00f3n al Cambio Clim\u00e1tico y con el apoyo de la Direcci\u00f3n Provincial del Ambiente de Loja, realiz\u00f3 el Taller de Levantamiento de Informaci\u00f3n para disponer de herramientas e insumos de informaci\u00f3n base&hellip; <a href=\"https:\/\/www.ambienteyenergia.gob.ec\/ambiente\/mae-realizo-el-diagnostico-y-evaluacion-del-manejo-sostenible-de-la-tierra-y-adaptacion-al-cambio-climatico-en-zapotillo\/\">Read more &rarr;<\/a><\/p>\n","protected":false},"author":13,"featured_media":21388,"comment_status":"open","ping_status":"open","sticky":false,"template":"","format":"standard","meta":{"footnotes":""},"categories":[16,4],"tags":[],"class_list":["post-21387","post","type-post","status-publish","format-standard","has-post-thumbnail","hentry","category-comunicamos","category-noticias","xfolkentry"],"_links":{"self":[{"href":"https:\/\/www.ambienteyenergia.gob.ec\/ambiente\/wp-json\/wp\/v2\/posts\/21387","targetHints":{"allow":["GET"]}}],"collection":[{"href":"https:\/\/www.ambienteyenergia.gob.ec\/ambiente\/wp-json\/wp\/v2\/posts"}],"about":[{"href":"https:\/\/www.ambienteyenergia.gob.ec\/ambiente\/wp-json\/wp\/v2\/types\/post"}],"author":[{"embeddable":true,"href":"https:\/\/www.ambienteyenergia.gob.ec\/ambiente\/wp-json\/wp\/v2\/users\/13"}],"replies":[{"embeddable":true,"href":"https:\/\/www.ambienteyenergia.gob.ec\/ambiente\/wp-json\/wp\/v2\/comments?post=21387"}],"version-history":[{"count":0,"href":"https:\/\/www.ambienteyenergia.gob.ec\/ambiente\/wp-json\/wp\/v2\/posts\/21387\/revisions"}],"wp:featuredmedia":[{"embeddable":true,"href":"https:\/\/www.ambienteyenergia.gob.ec\/ambiente\/wp-json\/wp\/v2\/media\/21388"}],"wp:attachment":[{"href":"https:\/\/www.ambienteyenergia.gob.ec\/ambiente\/wp-json\/wp\/v2\/media?parent=21387"}],"wp:term":[{"taxonomy":"category","embeddable":true,"href":"https:\/\/www.ambienteyenergia.gob.ec\/ambiente\/wp-json\/wp\/v2\/categories?post=21387"},{"taxonomy":"post_tag","embeddable":true,"href":"https:\/\/www.ambienteyenergia.gob.ec\/ambiente\/wp-json\/wp\/v2\/tags?post=21387"}],"curies":[{"name":"wp","href":"https:\/\/api.w.org\/{rel}","templated":true}]}}