{"id":21373,"date":"2014-07-09T18:07:57","date_gmt":"2014-07-09T23:07:57","guid":{"rendered":"http:\/\/www.ambiente.gob.ec\/?p=21373"},"modified":"2014-07-09T18:10:09","modified_gmt":"2014-07-09T23:10:09","slug":"21373","status":"publish","type":"post","link":"https:\/\/www.ambienteyenergia.gob.ec\/ambiente\/21373\/","title":{"rendered":"MAE Y COMAGA reafirman su compromiso de trabajo en favor de la regi\u00f3n amaz\u00f3nica e insular"},"content":{"rendered":"<p style=\"text-align: justify;\">Directivos y t\u00e9cnicos del Consorcio de Municipios Amaz\u00f3nicos y Gal\u00e1pagos, COMAGA, se reunieron con la Directora T\u00e9cnica del Programa Nacional para la Gesti\u00f3n Integral de Desechos S\u00f3lidos (PNGIDS), Soledad Villarreal, y el equipo t\u00e9cnico del Ministerio del Ambiente. Esta reuni\u00f3n de trabajo cumpli\u00f3 con el objetivo de revisar programas y proyectos que se realizan en conjunto, en un marco de cooperaci\u00f3n permanente entre las dos instituciones.<\/p>\n<p style=\"text-align: justify;\">En esta reuni\u00f3n de trabajo se adoptaron compromisos a futuro como: la renovaci\u00f3n del convenio macro entre las dos instituciones, la actualizaci\u00f3n de informaci\u00f3n de los municipios en el manejo de desechos s\u00f3lidos, estudios financiados por el Ministerio del Ambiente a trav\u00e9s del PNGIDS para municipios de la Regi\u00f3n Amaz\u00f3nica.<\/p>\n<p style=\"text-align: justify;\">Las dos instituciones ratificaron su compromiso de trabajo mediante la cooperaci\u00f3n con el objeto de continuar con los acuerdos para emprender acciones conjuntas en el campo de: asistencia t\u00e9cnica, capacitaci\u00f3n o consultor\u00eda en los 46 municipios asociados al COMAGA.<\/p>\n<p style=\"text-align: justify;\">El COMAGA es un interlocutor ante los poderes centrales, instituciones aut\u00f3nomas de desarrollo y organismos de cooperaci\u00f3n externa; es facilitador del proceso de integraci\u00f3n regional, promotor y generador de iniciativas para el direccionamiento de la asistencia t\u00e9cnica y financiera en planes y proyectos, para consolidar un modelo de desarrollo local y regional alternativo.<\/p>\n","protected":false},"excerpt":{"rendered":"<p class=\"excerpt\">Directivos y t\u00e9cnicos del Consorcio de Municipios Amaz\u00f3nicos y Gal\u00e1pagos, COMAGA, se reunieron con la Directora T\u00e9cnica del Programa Nacional para la Gesti\u00f3n Integral de Desechos S\u00f3lidos (PNGIDS), Soledad Villarreal, y el equipo t\u00e9cnico del Ministerio del Ambiente. Esta reuni\u00f3n de trabajo cumpli\u00f3 con el objetivo de revisar programas y proyectos que se realizan en conjunto, en un marco de&hellip; <a href=\"https:\/\/www.ambienteyenergia.gob.ec\/ambiente\/21373\/\">Read more &rarr;<\/a><\/p>\n","protected":false},"author":13,"featured_media":21374,"comment_status":"open","ping_status":"open","sticky":false,"template":"","format":"standard","meta":{"footnotes":""},"categories":[16,4],"tags":[387,424],"class_list":["post-21373","post","type-post","status-publish","format-standard","has-post-thumbnail","hentry","category-comunicamos","category-noticias","tag-mae-lorena-tapia","tag-residuos-solidos","xfolkentry"],"_links":{"self":[{"href":"https:\/\/www.ambienteyenergia.gob.ec\/ambiente\/wp-json\/wp\/v2\/posts\/21373","targetHints":{"allow":["GET"]}}],"collection":[{"href":"https:\/\/www.ambienteyenergia.gob.ec\/ambiente\/wp-json\/wp\/v2\/posts"}],"about":[{"href":"https:\/\/www.ambienteyenergia.gob.ec\/ambiente\/wp-json\/wp\/v2\/types\/post"}],"author":[{"embeddable":true,"href":"https:\/\/www.ambienteyenergia.gob.ec\/ambiente\/wp-json\/wp\/v2\/users\/13"}],"replies":[{"embeddable":true,"href":"https:\/\/www.ambienteyenergia.gob.ec\/ambiente\/wp-json\/wp\/v2\/comments?post=21373"}],"version-history":[{"count":0,"href":"https:\/\/www.ambienteyenergia.gob.ec\/ambiente\/wp-json\/wp\/v2\/posts\/21373\/revisions"}],"wp:featuredmedia":[{"embeddable":true,"href":"https:\/\/www.ambienteyenergia.gob.ec\/ambiente\/wp-json\/wp\/v2\/media\/21374"}],"wp:attachment":[{"href":"https:\/\/www.ambienteyenergia.gob.ec\/ambiente\/wp-json\/wp\/v2\/media?parent=21373"}],"wp:term":[{"taxonomy":"category","embeddable":true,"href":"https:\/\/www.ambienteyenergia.gob.ec\/ambiente\/wp-json\/wp\/v2\/categories?post=21373"},{"taxonomy":"post_tag","embeddable":true,"href":"https:\/\/www.ambienteyenergia.gob.ec\/ambiente\/wp-json\/wp\/v2\/tags?post=21373"}],"curies":[{"name":"wp","href":"https:\/\/api.w.org\/{rel}","templated":true}]}}