{"id":21370,"date":"2014-07-09T17:04:35","date_gmt":"2014-07-09T22:04:35","guid":{"rendered":"http:\/\/www.ambiente.gob.ec\/?p=21370"},"modified":"2014-07-09T17:04:35","modified_gmt":"2014-07-09T22:04:35","slug":"mae-capacito-a-personal-de-celec-ep-en-temas-ambientales-relacionados-con-cambio-climatico","status":"publish","type":"post","link":"https:\/\/www.ambienteyenergia.gob.ec\/ambiente\/mae-capacito-a-personal-de-celec-ep-en-temas-ambientales-relacionados-con-cambio-climatico\/","title":{"rendered":"MAE capacit\u00f3 a personal de CELEC EP en temas ambientales relacionados con cambio clim\u00e1tico"},"content":{"rendered":"<p style=\"text-align: justify;\">Como parte del Plan de Manejo Ambiental de la Unidad de Negocio Hidroagoy\u00e1n, y de acuerdo a la solicitud realizada por el Jefe de Gesti\u00f3n Social y Ambiental de la misma, el MAE capacit\u00f3 a los t\u00e9cnicos de las centrales Pucar\u00e1 (P\u00edllaro), Agoy\u00e1n y San Francisco (Ba\u00f1os de Agua Santa).<\/p>\n<p>Para lograr estas jornadas de capacitaci\u00f3n, la Subsecretar\u00eda de Cambio Clim\u00e1tico realiz\u00f3 la coordinaci\u00f3n respectiva con la Direcci\u00f3n de Gesti\u00f3n Social y Ambiental de la Unidad de Negocio CELEC EP, con la finalidad de fortalecer los v\u00ednculos interinstitucionales para facilitar el dise\u00f1o y la implementaci\u00f3n de las medidas para enfrentar el cambio clim\u00e1tico y prevenir los impactos sobre la generaci\u00f3n de energ\u00eda.<\/p>\n<p style=\"text-align: justify;\">El principal tema de debate fue el Cambio Clim\u00e1tico y la gesti\u00f3n de adaptaci\u00f3n en cada central hidroel\u00e9ctrica de las unidades de negocio de CELEC EP, enfatizando las causas y probables consecuencias del cambio clim\u00e1tico, los impactos que afectan el sector de generaci\u00f3n hidroel\u00e9ctrica y algunas posibles estrategias para enfrentarlo, herramientas legales que existen en el Ecuador, entre otros.<\/p>\n<p style=\"text-align: justify;\">Asimismo, el espacio sirvi\u00f3 para informar sobre el estudio \u201cAn\u00e1lisis de la vulnerabilidad de centrales hidroel\u00e9ctricas emblem\u00e1ticas ante los efectos del cambio clim\u00e1tico\u201d en las subcuencas de los r\u00edos Zamora, Minas, Paute, Coca, Blanco, Guayllabamba y Vinces, ubicados en las provincias Zamora Chinchipe, Azuay, Morona Santiago, Ca\u00f1ar, Napo, Pichincha, Santo\u00a0Domingo, Cotopaxi, Sucumb\u00edos, Imbabura y los R\u00edos; cuyos resultados, m\u00e1s espec\u00edficos para el sector, ser\u00e1n un gran aporte para fortalecer la gesti\u00f3n de adaptaci\u00f3n al cambio clim\u00e1tico en el Ecuador y contribuir al cambio de matriz energ\u00e9tica.<br \/>\n<b><br \/>\n<\/b><strong>El dato<\/strong><\/p>\n<p style=\"text-align: justify;\">El Gobierno del Ecuador est\u00e1 construyendo hidroel\u00e9ctricas que iniciar\u00e1n su operaci\u00f3n en el 2016, lo cual cambiar\u00e1 la matriz el\u00e9ctrica a un 90% de producci\u00f3n hidroel\u00e9ctrica.<\/p>\n<p>Se capacitaron aproximadamente, 100 t\u00e9cnicos de la Unidad de Negocio Hidroagoy\u00e1n en temas de cambio clim\u00e1tico y adaptaci\u00f3n.<\/p>\n<p style=\"text-align: justify;\">\n","protected":false},"excerpt":{"rendered":"<p class=\"excerpt\">Como parte del Plan de Manejo Ambiental de la Unidad de Negocio Hidroagoy\u00e1n, y de acuerdo a la solicitud realizada por el Jefe de Gesti\u00f3n Social y Ambiental de la misma, el MAE capacit\u00f3 a los t\u00e9cnicos de las centrales Pucar\u00e1 (P\u00edllaro), Agoy\u00e1n y San Francisco (Ba\u00f1os de Agua Santa). Para lograr estas jornadas de capacitaci\u00f3n, la Subsecretar\u00eda de Cambio&hellip; <a href=\"https:\/\/www.ambienteyenergia.gob.ec\/ambiente\/mae-capacito-a-personal-de-celec-ep-en-temas-ambientales-relacionados-con-cambio-climatico\/\">Read more &rarr;<\/a><\/p>\n","protected":false},"author":13,"featured_media":21371,"comment_status":"open","ping_status":"open","sticky":false,"template":"","format":"standard","meta":{"footnotes":""},"categories":[16,4],"tags":[],"class_list":["post-21370","post","type-post","status-publish","format-standard","has-post-thumbnail","hentry","category-comunicamos","category-noticias","xfolkentry"],"_links":{"self":[{"href":"https:\/\/www.ambienteyenergia.gob.ec\/ambiente\/wp-json\/wp\/v2\/posts\/21370","targetHints":{"allow":["GET"]}}],"collection":[{"href":"https:\/\/www.ambienteyenergia.gob.ec\/ambiente\/wp-json\/wp\/v2\/posts"}],"about":[{"href":"https:\/\/www.ambienteyenergia.gob.ec\/ambiente\/wp-json\/wp\/v2\/types\/post"}],"author":[{"embeddable":true,"href":"https:\/\/www.ambienteyenergia.gob.ec\/ambiente\/wp-json\/wp\/v2\/users\/13"}],"replies":[{"embeddable":true,"href":"https:\/\/www.ambienteyenergia.gob.ec\/ambiente\/wp-json\/wp\/v2\/comments?post=21370"}],"version-history":[{"count":0,"href":"https:\/\/www.ambienteyenergia.gob.ec\/ambiente\/wp-json\/wp\/v2\/posts\/21370\/revisions"}],"wp:featuredmedia":[{"embeddable":true,"href":"https:\/\/www.ambienteyenergia.gob.ec\/ambiente\/wp-json\/wp\/v2\/media\/21371"}],"wp:attachment":[{"href":"https:\/\/www.ambienteyenergia.gob.ec\/ambiente\/wp-json\/wp\/v2\/media?parent=21370"}],"wp:term":[{"taxonomy":"category","embeddable":true,"href":"https:\/\/www.ambienteyenergia.gob.ec\/ambiente\/wp-json\/wp\/v2\/categories?post=21370"},{"taxonomy":"post_tag","embeddable":true,"href":"https:\/\/www.ambienteyenergia.gob.ec\/ambiente\/wp-json\/wp\/v2\/tags?post=21370"}],"curies":[{"name":"wp","href":"https:\/\/api.w.org\/{rel}","templated":true}]}}