{"id":21358,"date":"2014-07-09T11:49:27","date_gmt":"2014-07-09T16:49:27","guid":{"rendered":"http:\/\/www.ambiente.gob.ec\/?p=21358"},"modified":"2014-07-09T21:39:15","modified_gmt":"2014-07-10T02:39:15","slug":"mae-celebra-el-dia-internacional-de-la-vida-silvestre-en-chimborazo","status":"publish","type":"post","link":"https:\/\/www.ambienteyenergia.gob.ec\/ambiente\/mae-celebra-el-dia-internacional-de-la-vida-silvestre-en-chimborazo\/","title":{"rendered":"MAE realiz\u00f3 actividades de educaci\u00f3n ambiental en Chimborazo"},"content":{"rendered":"<p><span style=\"font-family: 'Helvetica Neue', Helvetica, Arial, 'Nimbus Sans L', sans-serif;\">Con la finalidad de promover en la conciencia colectiva la conservaci\u00f3n y protecci\u00f3n de la fauna y la flora de las \u00e1reas protegidas del pa\u00eds, el Ministerio del Ambiente del Ecuador (MAE), en coordinaci\u00f3n con los j\u00f3venes del Proyecto Servicio Civil Ciudadano, realiz\u00f3 una exposici\u00f3n de elementos constitutivos de vida silvestre incautados en la provincia de Chimborazo.<\/span><\/p>\n<p><span style=\"font-family: 'Helvetica Neue', Helvetica, Arial, 'Nimbus Sans L', sans-serif;\">El tema fue socializado en los predios del Terminal Terrestre Interprovincial de Riobamba con un stand institucional del MAE, en el que se explicaron las sanciones estipuladas en la Ley Forestal y de Conservaci\u00f3n de \u00c1reas Naturales y Vida Silvestre vigente en el pa\u00eds para quienes cometan delitos ambientales.<\/span><\/p>\n<p><span style=\"font-family: 'Helvetica Neue', Helvetica, Arial, 'Nimbus Sans L', sans-serif;\">La actividad se desarroll\u00f3 con el apoyo de 12 j\u00f3venes del Servicio Civil Ciudadano, quienes intervinieron en buses de trasporte provincial y en los pasillos de las instalaciones de la terminal con el mensaje \u201cevita la compra, venta y el cautiverio de espec\u00edmenes de vida silvestre\u201d.<\/span><\/p>\n<p><span style=\"font-family: 'Helvetica Neue', Helvetica, Arial, 'Nimbus Sans L', sans-serif;\">De manera interactiva j\u00f3venes del Servicio Civil Ciudadano realizaron preguntas sobre la biodiversidad del pa\u00eds a personas provenientes de las provincias del Guayas, Bol\u00edvar, Tungurahua, Cotopaxi y Pichincha,\u00a0 e informaron con materiales comunicacionales\u00a0 las especies de flora y fauna silvestre que habitan en la Reserva de Producci\u00f3n de Fauna Chimborazo y en el Parque Nacional Sangay, con el fin de promover su conservaci\u00f3n.<\/span><\/p>\n<p><span style=\"font-family: 'Helvetica Neue', Helvetica, Arial, 'Nimbus Sans L', sans-serif;\">Como parte del compromiso ambiental de cuidar los recursos naturales del pa\u00eds, el MAE entreg\u00f3 manillas, postales y adhesivos a los participantes que mostraron inter\u00e9s en la iniciativa de concienciaci\u00f3n desarrollado en este importante espacio p\u00fablico de la ciudad de Riobamba.<\/span><\/p>\n","protected":false},"excerpt":{"rendered":"<p class=\"excerpt\">Con la finalidad de promover en la conciencia colectiva la conservaci\u00f3n y protecci\u00f3n de la fauna y la flora de las \u00e1reas protegidas del pa\u00eds, el Ministerio del Ambiente del Ecuador (MAE), en coordinaci\u00f3n con los j\u00f3venes del Proyecto Servicio Civil Ciudadano, realiz\u00f3 una exposici\u00f3n de elementos constitutivos de vida silvestre incautados en la provincia de Chimborazo. El tema fue&hellip; <a href=\"https:\/\/www.ambienteyenergia.gob.ec\/ambiente\/mae-celebra-el-dia-internacional-de-la-vida-silvestre-en-chimborazo\/\">Read more &rarr;<\/a><\/p>\n","protected":false},"author":13,"featured_media":21359,"comment_status":"open","ping_status":"open","sticky":false,"template":"","format":"standard","meta":{"footnotes":""},"categories":[16,4],"tags":[],"class_list":["post-21358","post","type-post","status-publish","format-standard","has-post-thumbnail","hentry","category-comunicamos","category-noticias","xfolkentry"],"_links":{"self":[{"href":"https:\/\/www.ambienteyenergia.gob.ec\/ambiente\/wp-json\/wp\/v2\/posts\/21358","targetHints":{"allow":["GET"]}}],"collection":[{"href":"https:\/\/www.ambienteyenergia.gob.ec\/ambiente\/wp-json\/wp\/v2\/posts"}],"about":[{"href":"https:\/\/www.ambienteyenergia.gob.ec\/ambiente\/wp-json\/wp\/v2\/types\/post"}],"author":[{"embeddable":true,"href":"https:\/\/www.ambienteyenergia.gob.ec\/ambiente\/wp-json\/wp\/v2\/users\/13"}],"replies":[{"embeddable":true,"href":"https:\/\/www.ambienteyenergia.gob.ec\/ambiente\/wp-json\/wp\/v2\/comments?post=21358"}],"version-history":[{"count":0,"href":"https:\/\/www.ambienteyenergia.gob.ec\/ambiente\/wp-json\/wp\/v2\/posts\/21358\/revisions"}],"wp:featuredmedia":[{"embeddable":true,"href":"https:\/\/www.ambienteyenergia.gob.ec\/ambiente\/wp-json\/wp\/v2\/media\/21359"}],"wp:attachment":[{"href":"https:\/\/www.ambienteyenergia.gob.ec\/ambiente\/wp-json\/wp\/v2\/media?parent=21358"}],"wp:term":[{"taxonomy":"category","embeddable":true,"href":"https:\/\/www.ambienteyenergia.gob.ec\/ambiente\/wp-json\/wp\/v2\/categories?post=21358"},{"taxonomy":"post_tag","embeddable":true,"href":"https:\/\/www.ambienteyenergia.gob.ec\/ambiente\/wp-json\/wp\/v2\/tags?post=21358"}],"curies":[{"name":"wp","href":"https:\/\/api.w.org\/{rel}","templated":true}]}}