{"id":21352,"date":"2014-07-09T11:00:17","date_gmt":"2014-07-09T16:00:17","guid":{"rendered":"http:\/\/www.ambiente.gob.ec\/?p=21352"},"modified":"2014-07-09T11:00:44","modified_gmt":"2014-07-09T16:00:44","slug":"mae-convoco-a-viii-mesa-de-trabajo-redd","status":"publish","type":"post","link":"https:\/\/www.ambienteyenergia.gob.ec\/ambiente\/mae-convoco-a-viii-mesa-de-trabajo-redd\/","title":{"rendered":"MAE convoc\u00f3 a VIII mesa de trabajo REDD+"},"content":{"rendered":"<p style=\"text-align: justify;\">El Ministerio del Ambiente (MAE) a trav\u00e9s de la Subsecretar\u00eda de Cambio Clim\u00e1tico y con el apoyo t\u00e9cnico del Programa Nacional Conjunto ONU-REDD, realiz\u00f3 la VIII Reuni\u00f3n Ordinaria de la Mesa de Trabajo REDD+ (MdT).<\/p>\n<p style=\"text-align: justify;\">Los objetivos que se plantearon para este octavo encuentro fueron presentar y analizar el Acuerdo Ministerial N\u00b0 033 y su nuevo enfoque. Adem\u00e1s se revis\u00f3 la propuesta de Mecanismos de priorizaci\u00f3n de financiamiento y mecanismos de implementaci\u00f3n para REDD+ en Ecuador. Adicionalmente, se present\u00f3 a los miembros de la Mesa la propuesta sobre el mecanismo de Resoluci\u00f3n de Controversias e Incumplimientos para REDD+.<\/p>\n<p style=\"text-align: justify;\">En este evento participaron delegados\/as oficiales y alternos\/as de las organizaciones, instituciones o comunidades miembros de la MdT, las cuales fueron ratificadas por la Secretar\u00eda T\u00e9cnica, el 6 de junio de 2013.<br \/>\nPara mayor informaci\u00f3n puede comunicarse con Mar\u00eda del Carmen Garc\u00eda (mgarcia@ambiente.gob.ec), Bel\u00e9n Cordovez (mbcordovez@yahoo.com) o Fernanda Proa\u00f1o (fproano@pnc-onureddecuador.org).<\/p>\n","protected":false},"excerpt":{"rendered":"<p class=\"excerpt\">El Ministerio del Ambiente (MAE) a trav\u00e9s de la Subsecretar\u00eda de Cambio Clim\u00e1tico y con el apoyo t\u00e9cnico del Programa Nacional Conjunto ONU-REDD, realiz\u00f3 la VIII Reuni\u00f3n Ordinaria de la Mesa de Trabajo REDD+ (MdT). Los objetivos que se plantearon para este octavo encuentro fueron presentar y analizar el Acuerdo Ministerial N\u00b0 033 y su nuevo enfoque. Adem\u00e1s se revis\u00f3&hellip; <a href=\"https:\/\/www.ambienteyenergia.gob.ec\/ambiente\/mae-convoco-a-viii-mesa-de-trabajo-redd\/\">Read more &rarr;<\/a><\/p>\n","protected":false},"author":13,"featured_media":21353,"comment_status":"open","ping_status":"open","sticky":false,"template":"","format":"standard","meta":{"footnotes":""},"categories":[16,4],"tags":[],"class_list":["post-21352","post","type-post","status-publish","format-standard","has-post-thumbnail","hentry","category-comunicamos","category-noticias","xfolkentry"],"_links":{"self":[{"href":"https:\/\/www.ambienteyenergia.gob.ec\/ambiente\/wp-json\/wp\/v2\/posts\/21352","targetHints":{"allow":["GET"]}}],"collection":[{"href":"https:\/\/www.ambienteyenergia.gob.ec\/ambiente\/wp-json\/wp\/v2\/posts"}],"about":[{"href":"https:\/\/www.ambienteyenergia.gob.ec\/ambiente\/wp-json\/wp\/v2\/types\/post"}],"author":[{"embeddable":true,"href":"https:\/\/www.ambienteyenergia.gob.ec\/ambiente\/wp-json\/wp\/v2\/users\/13"}],"replies":[{"embeddable":true,"href":"https:\/\/www.ambienteyenergia.gob.ec\/ambiente\/wp-json\/wp\/v2\/comments?post=21352"}],"version-history":[{"count":0,"href":"https:\/\/www.ambienteyenergia.gob.ec\/ambiente\/wp-json\/wp\/v2\/posts\/21352\/revisions"}],"wp:featuredmedia":[{"embeddable":true,"href":"https:\/\/www.ambienteyenergia.gob.ec\/ambiente\/wp-json\/wp\/v2\/media\/21353"}],"wp:attachment":[{"href":"https:\/\/www.ambienteyenergia.gob.ec\/ambiente\/wp-json\/wp\/v2\/media?parent=21352"}],"wp:term":[{"taxonomy":"category","embeddable":true,"href":"https:\/\/www.ambienteyenergia.gob.ec\/ambiente\/wp-json\/wp\/v2\/categories?post=21352"},{"taxonomy":"post_tag","embeddable":true,"href":"https:\/\/www.ambienteyenergia.gob.ec\/ambiente\/wp-json\/wp\/v2\/tags?post=21352"}],"curies":[{"name":"wp","href":"https:\/\/api.w.org\/{rel}","templated":true}]}}