{"id":21349,"date":"2014-07-09T10:52:58","date_gmt":"2014-07-09T15:52:58","guid":{"rendered":"http:\/\/www.ambiente.gob.ec\/?p=21349"},"modified":"2014-07-09T10:52:58","modified_gmt":"2014-07-09T15:52:58","slug":"campana-de-concienciacion-sobre-incendios-forestales-puerta-a-puerta-continua-en-imbabura","status":"publish","type":"post","link":"https:\/\/www.ambienteyenergia.gob.ec\/ambiente\/campana-de-concienciacion-sobre-incendios-forestales-puerta-a-puerta-continua-en-imbabura\/","title":{"rendered":"Campa\u00f1a de concienciaci\u00f3n sobre incendios forestales puerta a puerta contin\u00faa en Imbabura"},"content":{"rendered":"<p style=\"text-align: justify;\">Como parte de una campa\u00f1a de concienciaci\u00f3n puerta a puerta, el Ministerio del Ambiente (MAE) en coordinaci\u00f3n con voluntarios del Servicio Civil Ciudadano visit\u00f3 las comunidades de Morochos, Chilcapamba, Morales Chupa y Topo, ubicadas en la provincia de Imbabura, con el prop\u00f3sito de dar a conocer a la ciudadan\u00eda sobre c\u00f3mo se pueden prevenir los incendios forestales.<\/p>\n<p style=\"text-align: justify;\">\n<p style=\"text-align: justify;\">T\u00e9cnicos de la Direcci\u00f3n Provincial del Ambiente de Imbabura y de la Reserva Ecol\u00f3gica Cotacachi Cayapas \u2013 Zona Alta, capacitaron a la poblaci\u00f3n en temas como control de incendios forestales, sus causas y las graves consecuencias que produce en el ambiente.<\/p>\n<p style=\"text-align: justify;\">\n<p style=\"text-align: justify;\">La problem\u00e1tica de los incendios ocasiona grandes da\u00f1os de \u00edndole social, econ\u00f3mico y ecol\u00f3gico, sobretodo en \u00e1reas altamente vulnerables. Por esta raz\u00f3n, el MAE durante todo el a\u00f1o ejecuta varias acciones con la finalidad de prevenir estos incidentes, que en su mayor\u00eda son producidos por causas humanas. Por ejemplo, en varias zonas agr\u00edcolas, el fuego es utilizado como herramienta de trabajo para preparar la tierra, eliminar rastrojos y limpiar el terreno, entre otros, pero su mala utilizaci\u00f3n puede causar da\u00f1os irreparables en los ecosistemas.<\/p>\n<p style=\"text-align: justify;\">\n<p style=\"text-align: justify;\">Esta iniciativa busca proporcionar informaci\u00f3n sobre acciones preventivas, a trav\u00e9s de la difusi\u00f3n y concienciaci\u00f3n en los sitios de mayor incidencia. La Direcci\u00f3n Provincial del Ambiente de Imbabura continuar\u00e1 con estas acciones de educaci\u00f3n ambiental, trabajo comunitario y actividades de vinculaci\u00f3n social con la finalidad de educar a la poblaci\u00f3n en la responsabilidad del cuidado ambiental.<\/p>\n<p style=\"text-align: justify;\">\n","protected":false},"excerpt":{"rendered":"<p class=\"excerpt\">Como parte de una campa\u00f1a de concienciaci\u00f3n puerta a puerta, el Ministerio del Ambiente (MAE) en coordinaci\u00f3n con voluntarios del Servicio Civil Ciudadano visit\u00f3 las comunidades de Morochos, Chilcapamba, Morales Chupa y Topo, ubicadas en la provincia de Imbabura, con el prop\u00f3sito de dar a conocer a la ciudadan\u00eda sobre c\u00f3mo se pueden prevenir los incendios forestales. T\u00e9cnicos de la&hellip; <a href=\"https:\/\/www.ambienteyenergia.gob.ec\/ambiente\/campana-de-concienciacion-sobre-incendios-forestales-puerta-a-puerta-continua-en-imbabura\/\">Read more &rarr;<\/a><\/p>\n","protected":false},"author":13,"featured_media":21350,"comment_status":"open","ping_status":"open","sticky":false,"template":"","format":"standard","meta":{"footnotes":""},"categories":[16,4],"tags":[],"class_list":["post-21349","post","type-post","status-publish","format-standard","has-post-thumbnail","hentry","category-comunicamos","category-noticias","xfolkentry"],"_links":{"self":[{"href":"https:\/\/www.ambienteyenergia.gob.ec\/ambiente\/wp-json\/wp\/v2\/posts\/21349","targetHints":{"allow":["GET"]}}],"collection":[{"href":"https:\/\/www.ambienteyenergia.gob.ec\/ambiente\/wp-json\/wp\/v2\/posts"}],"about":[{"href":"https:\/\/www.ambienteyenergia.gob.ec\/ambiente\/wp-json\/wp\/v2\/types\/post"}],"author":[{"embeddable":true,"href":"https:\/\/www.ambienteyenergia.gob.ec\/ambiente\/wp-json\/wp\/v2\/users\/13"}],"replies":[{"embeddable":true,"href":"https:\/\/www.ambienteyenergia.gob.ec\/ambiente\/wp-json\/wp\/v2\/comments?post=21349"}],"version-history":[{"count":0,"href":"https:\/\/www.ambienteyenergia.gob.ec\/ambiente\/wp-json\/wp\/v2\/posts\/21349\/revisions"}],"wp:featuredmedia":[{"embeddable":true,"href":"https:\/\/www.ambienteyenergia.gob.ec\/ambiente\/wp-json\/wp\/v2\/media\/21350"}],"wp:attachment":[{"href":"https:\/\/www.ambienteyenergia.gob.ec\/ambiente\/wp-json\/wp\/v2\/media?parent=21349"}],"wp:term":[{"taxonomy":"category","embeddable":true,"href":"https:\/\/www.ambienteyenergia.gob.ec\/ambiente\/wp-json\/wp\/v2\/categories?post=21349"},{"taxonomy":"post_tag","embeddable":true,"href":"https:\/\/www.ambienteyenergia.gob.ec\/ambiente\/wp-json\/wp\/v2\/tags?post=21349"}],"curies":[{"name":"wp","href":"https:\/\/api.w.org\/{rel}","templated":true}]}}