{"id":21346,"date":"2014-07-09T10:25:09","date_gmt":"2014-07-09T15:25:09","guid":{"rendered":"http:\/\/www.ambiente.gob.ec\/?p=21346"},"modified":"2014-07-09T21:58:04","modified_gmt":"2014-07-10T02:58:04","slug":"aguila-harpia-se-recupera-tras-intervencion-oportuna-del-mae","status":"publish","type":"post","link":"https:\/\/www.ambienteyenergia.gob.ec\/ambiente\/aguila-harpia-se-recupera-tras-intervencion-oportuna-del-mae\/","title":{"rendered":"\u00c1guila harp\u00eda se recupera tras intervenci\u00f3n oportuna del MAE"},"content":{"rendered":"<p style=\"text-align: justify;\">El \u00e1guila harp\u00eda (Harpia harpyja), rescatada el pasado 30 de junio en la provincia de Sucumb\u00edos, fue trasladada al Hospital Veterinario de la Universidad San Francisco de Quito, donde se recupera de una cirug\u00eda. Actualmente, el ejemplar se encuentra en observaci\u00f3n y bajo los cuidados m\u00e9dicos adecuados.<\/p>\n<p>El ave fue hallada mal herida en una propiedad privada de Sucumb\u00edos, los due\u00f1os del predio al encontrarla, la entregaron al Ministerio del Ambiente para que examine su estado de salud. Pero por la gravedad del caso y las m\u00faltiples lesiones que ten\u00eda en el cuerpo -causadas por perdigones- fue movilizada de inmediato a Quito, donde especialistas encabezados por el veterinario Andr\u00e9s Ortega tuvieron que realizarle una intervenci\u00f3n quir\u00fargica en el hueso de la ala izquierda, debido a que una de las municiones lo fractur\u00f3, imposibilitando su vuelo.<\/p>\n<p>A pesar de que la cirug\u00eda fue exitosa, todav\u00eda hay que esperar los resultados de un diagn\u00f3stico especializado que se le efectuar\u00e1 en el transcurso de esta semana y en el que se le realizar\u00e1n varios an\u00e1lisis y estudios para determinar si se pueden o no extraer el resto de perdigones.<\/p>\n<p>El Ministerio del Ambiente, por su parte,\u00a0 estar\u00e1 pendiente del proceso de recuperaci\u00f3n del ave y asimismo iniciar\u00e1 con los tr\u00e1mites administrativos para dar con el presunto agresor del animal. Una vez que su condici\u00f3n sea estable, se espera reinsertarla nuevamente en su h\u00e1bitat natural con un rastreador satelital que permita monitorear sus rutas de vuelo y proveer a la comunidad cient\u00edfica de mayor informaci\u00f3n.<\/p>\n<p>El \u00c1guila Harp\u00eda es una de las m\u00e1s grandes y poderosas aves de presa del mundo, puede superar los dos metros de envergadura y pesar entre 5 y 9 kilogramos. Es tambi\u00e9n una especie que se encuentra en el m\u00e1s alto nivel de la cadena alimenticia y que desempe\u00f1a un papel muy importante en el equilibrio de los ecosistemas, pero cuyas poblaciones est\u00e1n siendo amenazadas, por la p\u00e9rdida y fragmentaci\u00f3n de su h\u00e1bitat.<\/p>\n<p>Esta especie seg\u00fan el Libro Rojo de la Uni\u00f3n Internacional para la Conservaci\u00f3n de la Naturaleza (UICN) se encuentra en la categor\u00eda de &#8216;casi amenazada&#8217;, mientras que en la Convenci\u00f3n sobre el Comercio Internacional de Especies Amenazadas de Fauna y Flora Silvestres (Cites) consta en el Ap\u00e9ndice I.<\/p>\n","protected":false},"excerpt":{"rendered":"<p class=\"excerpt\">El \u00e1guila harp\u00eda (Harpia harpyja), rescatada el pasado 30 de junio en la provincia de Sucumb\u00edos, fue trasladada al Hospital Veterinario de la Universidad San Francisco de Quito, donde se recupera de una cirug\u00eda. Actualmente, el ejemplar se encuentra en observaci\u00f3n y bajo los cuidados m\u00e9dicos adecuados. El ave fue hallada mal herida en una propiedad privada de Sucumb\u00edos, los&hellip; <a href=\"https:\/\/www.ambienteyenergia.gob.ec\/ambiente\/aguila-harpia-se-recupera-tras-intervencion-oportuna-del-mae\/\">Read more &rarr;<\/a><\/p>\n","protected":false},"author":13,"featured_media":21347,"comment_status":"open","ping_status":"open","sticky":false,"template":"","format":"standard","meta":{"footnotes":""},"categories":[16,4],"tags":[],"class_list":["post-21346","post","type-post","status-publish","format-standard","has-post-thumbnail","hentry","category-comunicamos","category-noticias","xfolkentry"],"_links":{"self":[{"href":"https:\/\/www.ambienteyenergia.gob.ec\/ambiente\/wp-json\/wp\/v2\/posts\/21346","targetHints":{"allow":["GET"]}}],"collection":[{"href":"https:\/\/www.ambienteyenergia.gob.ec\/ambiente\/wp-json\/wp\/v2\/posts"}],"about":[{"href":"https:\/\/www.ambienteyenergia.gob.ec\/ambiente\/wp-json\/wp\/v2\/types\/post"}],"author":[{"embeddable":true,"href":"https:\/\/www.ambienteyenergia.gob.ec\/ambiente\/wp-json\/wp\/v2\/users\/13"}],"replies":[{"embeddable":true,"href":"https:\/\/www.ambienteyenergia.gob.ec\/ambiente\/wp-json\/wp\/v2\/comments?post=21346"}],"version-history":[{"count":0,"href":"https:\/\/www.ambienteyenergia.gob.ec\/ambiente\/wp-json\/wp\/v2\/posts\/21346\/revisions"}],"wp:featuredmedia":[{"embeddable":true,"href":"https:\/\/www.ambienteyenergia.gob.ec\/ambiente\/wp-json\/wp\/v2\/media\/21347"}],"wp:attachment":[{"href":"https:\/\/www.ambienteyenergia.gob.ec\/ambiente\/wp-json\/wp\/v2\/media?parent=21346"}],"wp:term":[{"taxonomy":"category","embeddable":true,"href":"https:\/\/www.ambienteyenergia.gob.ec\/ambiente\/wp-json\/wp\/v2\/categories?post=21346"},{"taxonomy":"post_tag","embeddable":true,"href":"https:\/\/www.ambienteyenergia.gob.ec\/ambiente\/wp-json\/wp\/v2\/tags?post=21346"}],"curies":[{"name":"wp","href":"https:\/\/api.w.org\/{rel}","templated":true}]}}