{"id":21336,"date":"2014-07-08T14:48:29","date_gmt":"2014-07-08T19:48:29","guid":{"rendered":"http:\/\/www.ambiente.gob.ec\/?p=21336"},"modified":"2014-07-09T08:01:50","modified_gmt":"2014-07-09T13:01:50","slug":"mae-coordina-acciones-de-lucha-contra-la-desertificacion-degradacion-de-la-tierra-y-sequia-ddts-con-autoridades-del-gad-municipal-zapotillo-y-gad-parroquial-de-paletillas","status":"publish","type":"post","link":"https:\/\/www.ambienteyenergia.gob.ec\/ambiente\/mae-coordina-acciones-de-lucha-contra-la-desertificacion-degradacion-de-la-tierra-y-sequia-ddts-con-autoridades-del-gad-municipal-zapotillo-y-gad-parroquial-de-paletillas\/","title":{"rendered":"MAE coordina acciones de lucha contra la desertificaci\u00f3n, degradaci\u00f3n de la tierra y sequ\u00eda con autoridades de los GAD Municipal Zapotillo y Parroquial de Paletillas"},"content":{"rendered":"<p style=\"text-align: justify;\">El Ministerio del Ambiente de Ecuador (MAE), en su calidad de Autoridad Nacional Ambiental en la Lucha contra la Desertificaci\u00f3n, Degradaci\u00f3n de la Tierra y Sequ\u00eda (DDTS), y Punto Focal Nacional de la Convenci\u00f3n de Naciones Unidas para la Lucha contra la Desertificaci\u00f3n (UNCCD), desarrolla una serie de iniciativas y acciones encaminadas a mejorar los procesos para el uso, manejo y conservaci\u00f3n de los recursos h\u00eddricos y la tierra.<\/p>\n<p style=\"text-align: justify;\">Uno de los esfuerzos m\u00e1s destacados es el proyecto \u201cGesti\u00f3n Integrada para la Lucha contra la Desertificaci\u00f3n, Degradaci\u00f3n de la Tierra y Adaptaci\u00f3n al Cambio Clim\u00e1tico\u201d ( GIDDACC ), el mismo que desarrolla una serie de talleres de diagn\u00f3stico y evaluaci\u00f3n en relaci\u00f3n con la gesti\u00f3n de la DDTS y Adaptaci\u00f3n al Cambio Clim\u00e1tico (ACC), tanto a nivel central como a nivel de territorios afectados, con actores gubernamentales y no gubernamentales, gobiernos aut\u00f3nomos descentralizados, organizaciones de la sociedad civil y de base, usuarios y beneficiarios del uso de la tierra.<\/p>\n<p style=\"text-align: justify;\">Con el prop\u00f3sito de que las acciones y medidas de Manejo Sostenible de la Tierra a desarrollarse en territorio se manejen de acuerdo al contexto, caracter\u00edsticas y realidad de cada zona priorizada, en Zapotillo, se reunieron el Director Provincial del Ambiente de Loja, el Coordinador del proyecto GIDDACC y la Alcaldesa del GAD Municipal Zapotillo, a fin de resaltar las acciones realizadas por el MAE respecto a la gesti\u00f3n de la problem\u00e1tica ambiental, tanto a nivel nacional como en ese cant\u00f3n. \u2028\u2028La alcaldesa Yuliana Rogel, recalc\u00f3 el enorme inter\u00e9s del GAD Zapotillo de continuar trabajando conjuntamente con esta Cartera de Estado en beneficio de los habitantes y los ecosistemas del cant\u00f3n, para lo cual ha puesto a disposici\u00f3n del MAE un terreno en el cual se construir\u00e1 la Oficina T\u00e9cnica de la Direcci\u00f3n Provincial del Ambiente de Loja en la ciudad de Zapotillo. As\u00ed mismo, apoyar\u00e1 en la implementaci\u00f3n de procesos de fortalecimiento de capacidades para los t\u00e9cnicos del Municipio en temas de cambio clim\u00e1tico, manejo sostenible de la tierra, calidad y control ambiental, y conservaci\u00f3n de la diversidad biol\u00f3gica.<\/p>\n<p style=\"text-align: justify;\">En una segunda reuni\u00f3n, el Coordinador del proyecto GIDDACC y el t\u00e9cnico de la Oficina T\u00e9cnica del MAE en Zapotillo, socializaron al Presidente del GAD Parroquial Paletillas, la implementaci\u00f3n del proyecto GIDDACC en la parroquia, considerada prioritaria y afectada por la DDTS. Adem\u00e1s, pudieron conocer de primera mano los problemas respecto al uso inadecuado del suelo en el sector y el inter\u00e9s del GAD parroquial de involucrarse en la implementaci\u00f3n de medidas de manejo sostenible de la tierra y adaptaci\u00f3n al cambio clim\u00e1tico en la parroquia Paletillas.<\/p>\n","protected":false},"excerpt":{"rendered":"<p class=\"excerpt\">El Ministerio del Ambiente de Ecuador (MAE), en su calidad de Autoridad Nacional Ambiental en la Lucha contra la Desertificaci\u00f3n, Degradaci\u00f3n de la Tierra y Sequ\u00eda (DDTS), y Punto Focal Nacional de la Convenci\u00f3n de Naciones Unidas para la Lucha contra la Desertificaci\u00f3n (UNCCD), desarrolla una serie de iniciativas y acciones encaminadas a mejorar los procesos para el uso, manejo&hellip; <a href=\"https:\/\/www.ambienteyenergia.gob.ec\/ambiente\/mae-coordina-acciones-de-lucha-contra-la-desertificacion-degradacion-de-la-tierra-y-sequia-ddts-con-autoridades-del-gad-municipal-zapotillo-y-gad-parroquial-de-paletillas\/\">Read more &rarr;<\/a><\/p>\n","protected":false},"author":13,"featured_media":21337,"comment_status":"open","ping_status":"open","sticky":false,"template":"","format":"standard","meta":{"footnotes":""},"categories":[16,4],"tags":[],"class_list":["post-21336","post","type-post","status-publish","format-standard","has-post-thumbnail","hentry","category-comunicamos","category-noticias","xfolkentry"],"_links":{"self":[{"href":"https:\/\/www.ambienteyenergia.gob.ec\/ambiente\/wp-json\/wp\/v2\/posts\/21336","targetHints":{"allow":["GET"]}}],"collection":[{"href":"https:\/\/www.ambienteyenergia.gob.ec\/ambiente\/wp-json\/wp\/v2\/posts"}],"about":[{"href":"https:\/\/www.ambienteyenergia.gob.ec\/ambiente\/wp-json\/wp\/v2\/types\/post"}],"author":[{"embeddable":true,"href":"https:\/\/www.ambienteyenergia.gob.ec\/ambiente\/wp-json\/wp\/v2\/users\/13"}],"replies":[{"embeddable":true,"href":"https:\/\/www.ambienteyenergia.gob.ec\/ambiente\/wp-json\/wp\/v2\/comments?post=21336"}],"version-history":[{"count":0,"href":"https:\/\/www.ambienteyenergia.gob.ec\/ambiente\/wp-json\/wp\/v2\/posts\/21336\/revisions"}],"wp:featuredmedia":[{"embeddable":true,"href":"https:\/\/www.ambienteyenergia.gob.ec\/ambiente\/wp-json\/wp\/v2\/media\/21337"}],"wp:attachment":[{"href":"https:\/\/www.ambienteyenergia.gob.ec\/ambiente\/wp-json\/wp\/v2\/media?parent=21336"}],"wp:term":[{"taxonomy":"category","embeddable":true,"href":"https:\/\/www.ambienteyenergia.gob.ec\/ambiente\/wp-json\/wp\/v2\/categories?post=21336"},{"taxonomy":"post_tag","embeddable":true,"href":"https:\/\/www.ambienteyenergia.gob.ec\/ambiente\/wp-json\/wp\/v2\/tags?post=21336"}],"curies":[{"name":"wp","href":"https:\/\/api.w.org\/{rel}","templated":true}]}}