{"id":21333,"date":"2014-07-08T12:04:32","date_gmt":"2014-07-08T17:04:32","guid":{"rendered":"http:\/\/www.ambiente.gob.ec\/?p=21333"},"modified":"2014-07-08T12:04:32","modified_gmt":"2014-07-08T17:04:32","slug":"12-parroquias-de-la-cuenca-del-jubones-contaran-con-informacion-sobre-la-vulnerabilidad-de-la-seguridad-alimentaria-a-los-efectos-adversos-del-cambio-climatico","status":"publish","type":"post","link":"https:\/\/www.ambienteyenergia.gob.ec\/ambiente\/12-parroquias-de-la-cuenca-del-jubones-contaran-con-informacion-sobre-la-vulnerabilidad-de-la-seguridad-alimentaria-a-los-efectos-adversos-del-cambio-climatico\/","title":{"rendered":"12 parroquias de la cuenca del Jubones contar\u00e1n con informaci\u00f3n sobre la vulnerabilidad de la seguridad alimentaria a los efectos adversos del cambio clim\u00e1tico"},"content":{"rendered":"<p style=\"text-align: justify;\">La variabilidad y el cambio clim\u00e1tico afectan tanto los sistemas naturales como humanos y, como consecuencia alteran la productividad, la diversidad y las funciones de diversos ecosistemas y medios de vida en todo el mundo. Tales impactos inciden de muchas maneras en la seguridad alimentaria de comunidades vulnerables; por ejemplo, la producci\u00f3n de alimentos puede verse perjudicada directamente por el aumento de la temperatura, los cambios en los patrones de precipitaci\u00f3n y las condiciones clim\u00e1ticas extremas. Las enfermedades transmitidas a trav\u00e9s del agua, que se pueden propagar a ra\u00edz de las precipitaciones o sequ\u00edas extremas, pueden poner en peligro la salud humana.<\/p>\n<p style=\"text-align: justify;\">\u2028Con el prop\u00f3sito de aportar a reducir los efectos adversos del cambio clim\u00e1tico sobre la seguridad alimentaria, el Ministerio del Ambiente de Ecuador (MAE), junto con el Programa Mundial de Alimentos, el Ministerio de Agricultura, Ganader\u00eda, Acuacultura y Pesca (MAGAP) y el Consorcio P\u00fablico de la Cuenca del R\u00edo Jubones (CCRJ), a trav\u00e9s del proyecto FORECCSA, trabajan para fortalecer la capacidad de las comunidades vulnerables para afrontar y recuperarse de los impactos que inciden en la disponibilidad, acceso, consumo y estabilidad de alimentos de las poblaciones rurales.<\/p>\n<p style=\"text-align: justify;\">\nEl punto de partida para la toma de decisiones sobre el tema es el an\u00e1lisis participativo de vulnerabilidad que, a partir de julio hasta diciembre, se realizar\u00e1 en 12 parroquias de la cuenca del r\u00edo Jubones: Nab\u00f3n, O\u00f1a, Susudel, Abd\u00f3n Calder\u00f3n, Asunci\u00f3n (provincia del Azuay), Selva Alegre, San Antonio de Cumbe, El Tabl\u00f3n, Sumaypamba, Yulug, Saraguro (provincia de Loja) y Chilla en la (provincia de El Oro).<\/p>\n<p>Estos estudios se suman a otros 33 que el proyecto FORECCSA ha realizado para igual n\u00famero de parroquias de Jubones y Pichincha (cantones Pedro Moncayo y Cayambe) y en las que se ha iniciado la implementaci\u00f3n de las medidas de adaptaci\u00f3n.<\/p>\n<p style=\"text-align: justify;\">\nCon el apoyo de FORECCSA, el an\u00e1lisis de vulnerabilidad permitir\u00e1 a las 12 parroquias elaborar sus planes\u00a0\u00a0 de cambio clim\u00e1tico y priorizar una medida de adaptaci\u00f3n que se implementar\u00e1 en el per\u00edodo 2014 &#8211; 2016 con lo que se aspira beneficiar a alrededor de 2 000 familias. El trabajo se realizar\u00e1 en estrecha coordinaci\u00f3n con los GAD parroquiales y el CCRJ como socio ejecutor del proyecto para Jubones.\u00a0\u00a0 Se dar\u00e1 inicio a los\u00a0\u00a0 estudios\u00a0\u00a0 el pr\u00f3ximo viernes 11 de julio en la ciudad de Cuenca contando con la participaci\u00f3n de los GAD involucrados, el MAE, PMA, MAGAP y el CCRJ.<\/p>\n<p style=\"text-align: justify;\">El trabajo que realiza FORECCSA est\u00e1 alineado a la\u00a0\u00a0 Estrategia Nacional de Cambio Clim\u00e1tico en cuanto al \u00e1mbito de adaptaci\u00f3n al cambio clim\u00e1tico\u00a0\u00a0 que tiene como finalidad\u00a0\u00a0 reducir la vulnerabilidad social, econ\u00f3mica y ambiental frente a los impactos del cambio clim\u00e1tico y dentro de \u00e9ste aporta al objetivo espec\u00edfico de implementar medidas que garanticen la soberan\u00eda alimentaria frente a los impactos del cambio clim\u00e1tico.<\/p>\n","protected":false},"excerpt":{"rendered":"<p class=\"excerpt\">La variabilidad y el cambio clim\u00e1tico afectan tanto los sistemas naturales como humanos y, como consecuencia alteran la productividad, la diversidad y las funciones de diversos ecosistemas y medios de vida en todo el mundo. Tales impactos inciden de muchas maneras en la seguridad alimentaria de comunidades vulnerables; por ejemplo, la producci\u00f3n de alimentos puede verse perjudicada directamente por el&hellip; <a href=\"https:\/\/www.ambienteyenergia.gob.ec\/ambiente\/12-parroquias-de-la-cuenca-del-jubones-contaran-con-informacion-sobre-la-vulnerabilidad-de-la-seguridad-alimentaria-a-los-efectos-adversos-del-cambio-climatico\/\">Read more &rarr;<\/a><\/p>\n","protected":false},"author":13,"featured_media":21334,"comment_status":"open","ping_status":"open","sticky":false,"template":"","format":"standard","meta":{"footnotes":""},"categories":[16,4],"tags":[],"class_list":["post-21333","post","type-post","status-publish","format-standard","has-post-thumbnail","hentry","category-comunicamos","category-noticias","xfolkentry"],"_links":{"self":[{"href":"https:\/\/www.ambienteyenergia.gob.ec\/ambiente\/wp-json\/wp\/v2\/posts\/21333","targetHints":{"allow":["GET"]}}],"collection":[{"href":"https:\/\/www.ambienteyenergia.gob.ec\/ambiente\/wp-json\/wp\/v2\/posts"}],"about":[{"href":"https:\/\/www.ambienteyenergia.gob.ec\/ambiente\/wp-json\/wp\/v2\/types\/post"}],"author":[{"embeddable":true,"href":"https:\/\/www.ambienteyenergia.gob.ec\/ambiente\/wp-json\/wp\/v2\/users\/13"}],"replies":[{"embeddable":true,"href":"https:\/\/www.ambienteyenergia.gob.ec\/ambiente\/wp-json\/wp\/v2\/comments?post=21333"}],"version-history":[{"count":0,"href":"https:\/\/www.ambienteyenergia.gob.ec\/ambiente\/wp-json\/wp\/v2\/posts\/21333\/revisions"}],"wp:featuredmedia":[{"embeddable":true,"href":"https:\/\/www.ambienteyenergia.gob.ec\/ambiente\/wp-json\/wp\/v2\/media\/21334"}],"wp:attachment":[{"href":"https:\/\/www.ambienteyenergia.gob.ec\/ambiente\/wp-json\/wp\/v2\/media?parent=21333"}],"wp:term":[{"taxonomy":"category","embeddable":true,"href":"https:\/\/www.ambienteyenergia.gob.ec\/ambiente\/wp-json\/wp\/v2\/categories?post=21333"},{"taxonomy":"post_tag","embeddable":true,"href":"https:\/\/www.ambienteyenergia.gob.ec\/ambiente\/wp-json\/wp\/v2\/tags?post=21333"}],"curies":[{"name":"wp","href":"https:\/\/api.w.org\/{rel}","templated":true}]}}