{"id":21328,"date":"2014-07-08T11:14:21","date_gmt":"2014-07-08T16:14:21","guid":{"rendered":"http:\/\/www.ambiente.gob.ec\/?p=21328"},"modified":"2014-07-08T11:14:21","modified_gmt":"2014-07-08T16:14:21","slug":"geografos-del-pras-se-capacitan-en-metodologia-de-ortorectificacion-para-actualizar-la-cartografia-del-distrito-amazonico","status":"publish","type":"post","link":"https:\/\/www.ambienteyenergia.gob.ec\/ambiente\/geografos-del-pras-se-capacitan-en-metodologia-de-ortorectificacion-para-actualizar-la-cartografia-del-distrito-amazonico\/","title":{"rendered":"Ge\u00f3grafos del PRAS se capacitan en metodolog\u00eda de ortorectificaci\u00f3n para actualizar la cartograf\u00eda del Distrito Amaz\u00f3nico"},"content":{"rendered":"<p style=\"text-align: justify;\">Un equipo t\u00e9cnico del Programa de Reparaci\u00f3n Ambiental y Social del Ministerio del Ambiente (PRAS) se capacit\u00f3 como parte de un proceso que inici\u00f3 este a\u00f1o para precisar a detalle la cartograf\u00eda del Distrito Amaz\u00f3nico, aplicando la t\u00e9cnica de ortorectificaci\u00f3n sobre fotograf\u00edas satelitales hist\u00f3ricas.<\/p>\n<p style=\"text-align: justify;\">Como lo explica Mar\u00eda Fernanda Michelena, ge\u00f3grafa del PRAS, \u201cla ortorectificaci\u00f3n es un procedimiento t\u00e9cnico que consiste en la transformaci\u00f3n de una fotograf\u00eda -que tiene una proyecci\u00f3n c\u00f3nica por deformaciones del relieve del terreno- en una imagen georeferenciada con la precisi\u00f3n cartogr\u00e1fica y escala invariable de un mapa o plano, pero con el nivel de detalle de una fotograf\u00eda\u201d.<\/p>\n<p style=\"text-align: justify;\">Durante el taller \u201cMetodolog\u00eda de la ortorectificaci\u00f3n de fotograf\u00edas a\u00e9reas e interpretaci\u00f3n de cobertura vegetal y uso de la tierra\u201d, que se llev\u00f3 a cabo del 27 de junio al 3 de julio, los funcionarios del PRAS\u00a0 pudieron conocer el procedimiento de ortorectificaci\u00f3n que utilizar\u00e1 la consultora Geoplades, Geograf\u00eda, Planificaci\u00f3n y Desarrollo C\u00eda. Ltda,\u00a0 para\u00a0 el procesamiento de las fotograf\u00edas a\u00e9reas tomadas entre 1960 al 2004 y su posterior interpretaci\u00f3n, en el Distrito Amaz\u00f3nico.<\/p>\n<p style=\"text-align: justify;\">El uso de la metodolog\u00eda de ortorectificaci\u00f3n, los procesos y tratamiento al que se someten las im\u00e1genes fueron ampliamente explicados durante la capacitaci\u00f3n. Seg\u00fan Pa\u00fal Sevilla, especialista de Sistemas de Informaci\u00f3n Geogr\u00e1fica (GIS) del PRAS, \u201clas ortofotos permiten la interpretaci\u00f3n de la cobertura vegetal por per\u00edodos, lo que facilita la definici\u00f3n de un an\u00e1lisis multitemporal de los cambios de cobertura vegetal y uso de la tierra. Posteriormente, con esa informaci\u00f3n se pueden generar tasas de deforestaci\u00f3n del \u00e1rea de estudio.\u201d.<\/p>\n<p style=\"text-align: justify;\">\nUna vez que el PRAS cuente con im\u00e1genes ortorectificadas, se podr\u00e1 validar y actualizar la ubicaci\u00f3n de\u00a0 fuentes de contaminaci\u00f3n identificadas por el Sistema de Indicadores de Pasivos Ambientales y Sociales (SIPAS) de actividades hidrocarbur\u00edferas a nivel nacional.<\/p>\n<p style=\"text-align: justify;\">\nCabe destacar que la metodolog\u00eda de ortorectificaci\u00f3n impartida en el taller se complementar\u00e1 con un curso pr\u00e1ctico de aplicaci\u00f3n de conocimiento de ortofotos\u00a0 para lo cual se utilizar\u00e1 el software ENVI que permite realizar modelos digitales e interpretaci\u00f3n de cobertura vegetal. El curso se llevar\u00e1 a cabo en agosto, en Bogot\u00e1, Colombia.<\/p>\n<p style=\"text-align: justify;\"><a href=\"http:\/\/www.ambienteyenergia.gob.ec\/ambiente\/wp-content\/uploads\/2014\/07\/Captura_ortofoto1.jpg\"><img loading=\"lazy\" decoding=\"async\" class=\"aligncenter size-full wp-image-21329\" alt=\"Uno\" src=\"http:\/\/www.ambienteyenergia.gob.ec\/ambiente\/wp-content\/uploads\/2014\/07\/Captura_ortofoto1.jpg\" width=\"845\" height=\"498\" srcset=\"https:\/\/www.ambienteyenergia.gob.ec\/ambiente\/wp-content\/uploads\/sites\/2\/2014\/07\/Captura_ortofoto1.jpg 845w, https:\/\/www.ambienteyenergia.gob.ec\/ambiente\/wp-content\/uploads\/sites\/2\/2014\/07\/Captura_ortofoto1-300x176.jpg 300w, https:\/\/www.ambienteyenergia.gob.ec\/ambiente\/wp-content\/uploads\/sites\/2\/2014\/07\/Captura_ortofoto1-500x294.jpg 500w\" sizes=\"auto, (max-width: 845px) 100vw, 845px\" \/><\/a> <a href=\"http:\/\/www.ambienteyenergia.gob.ec\/ambiente\/wp-content\/uploads\/2014\/07\/Captura_ortofoto2.jpg\"><img loading=\"lazy\" decoding=\"async\" class=\"aligncenter size-full wp-image-21330\" alt=\"Dos\" src=\"http:\/\/www.ambienteyenergia.gob.ec\/ambiente\/wp-content\/uploads\/2014\/07\/Captura_ortofoto2.jpg\" width=\"879\" height=\"358\" srcset=\"https:\/\/www.ambienteyenergia.gob.ec\/ambiente\/wp-content\/uploads\/sites\/2\/2014\/07\/Captura_ortofoto2.jpg 879w, https:\/\/www.ambienteyenergia.gob.ec\/ambiente\/wp-content\/uploads\/sites\/2\/2014\/07\/Captura_ortofoto2-300x122.jpg 300w, https:\/\/www.ambienteyenergia.gob.ec\/ambiente\/wp-content\/uploads\/sites\/2\/2014\/07\/Captura_ortofoto2-500x203.jpg 500w\" sizes=\"auto, (max-width: 879px) 100vw, 879px\" \/><\/a> <a href=\"http:\/\/www.ambienteyenergia.gob.ec\/ambiente\/wp-content\/uploads\/2014\/07\/Captura_ortofotos3.jpg\"><img loading=\"lazy\" decoding=\"async\" class=\"aligncenter size-full wp-image-21331\" alt=\"Tres\" src=\"http:\/\/www.ambienteyenergia.gob.ec\/ambiente\/wp-content\/uploads\/2014\/07\/Captura_ortofotos3.jpg\" width=\"731\" height=\"516\" srcset=\"https:\/\/www.ambienteyenergia.gob.ec\/ambiente\/wp-content\/uploads\/sites\/2\/2014\/07\/Captura_ortofotos3.jpg 731w, https:\/\/www.ambienteyenergia.gob.ec\/ambiente\/wp-content\/uploads\/sites\/2\/2014\/07\/Captura_ortofotos3-300x211.jpg 300w, https:\/\/www.ambienteyenergia.gob.ec\/ambiente\/wp-content\/uploads\/sites\/2\/2014\/07\/Captura_ortofotos3-425x300.jpg 425w\" sizes=\"auto, (max-width: 731px) 100vw, 731px\" \/><\/a><\/p>\n","protected":false},"excerpt":{"rendered":"<p class=\"excerpt\">Un equipo t\u00e9cnico del Programa de Reparaci\u00f3n Ambiental y Social del Ministerio del Ambiente (PRAS) se capacit\u00f3 como parte de un proceso que inici\u00f3 este a\u00f1o para precisar a detalle la cartograf\u00eda del Distrito Amaz\u00f3nico, aplicando la t\u00e9cnica de ortorectificaci\u00f3n sobre fotograf\u00edas satelitales hist\u00f3ricas. Como lo explica Mar\u00eda Fernanda Michelena, ge\u00f3grafa del PRAS, \u201cla ortorectificaci\u00f3n es un procedimiento t\u00e9cnico que&hellip; <a href=\"https:\/\/www.ambienteyenergia.gob.ec\/ambiente\/geografos-del-pras-se-capacitan-en-metodologia-de-ortorectificacion-para-actualizar-la-cartografia-del-distrito-amazonico\/\">Read more &rarr;<\/a><\/p>\n","protected":false},"author":13,"featured_media":20789,"comment_status":"open","ping_status":"open","sticky":false,"template":"","format":"standard","meta":{"footnotes":""},"categories":[16,4],"tags":[],"class_list":["post-21328","post","type-post","status-publish","format-standard","has-post-thumbnail","hentry","category-comunicamos","category-noticias","xfolkentry"],"_links":{"self":[{"href":"https:\/\/www.ambienteyenergia.gob.ec\/ambiente\/wp-json\/wp\/v2\/posts\/21328","targetHints":{"allow":["GET"]}}],"collection":[{"href":"https:\/\/www.ambienteyenergia.gob.ec\/ambiente\/wp-json\/wp\/v2\/posts"}],"about":[{"href":"https:\/\/www.ambienteyenergia.gob.ec\/ambiente\/wp-json\/wp\/v2\/types\/post"}],"author":[{"embeddable":true,"href":"https:\/\/www.ambienteyenergia.gob.ec\/ambiente\/wp-json\/wp\/v2\/users\/13"}],"replies":[{"embeddable":true,"href":"https:\/\/www.ambienteyenergia.gob.ec\/ambiente\/wp-json\/wp\/v2\/comments?post=21328"}],"version-history":[{"count":0,"href":"https:\/\/www.ambienteyenergia.gob.ec\/ambiente\/wp-json\/wp\/v2\/posts\/21328\/revisions"}],"wp:featuredmedia":[{"embeddable":true,"href":"https:\/\/www.ambienteyenergia.gob.ec\/ambiente\/wp-json\/wp\/v2\/media\/20789"}],"wp:attachment":[{"href":"https:\/\/www.ambienteyenergia.gob.ec\/ambiente\/wp-json\/wp\/v2\/media?parent=21328"}],"wp:term":[{"taxonomy":"category","embeddable":true,"href":"https:\/\/www.ambienteyenergia.gob.ec\/ambiente\/wp-json\/wp\/v2\/categories?post=21328"},{"taxonomy":"post_tag","embeddable":true,"href":"https:\/\/www.ambienteyenergia.gob.ec\/ambiente\/wp-json\/wp\/v2\/tags?post=21328"}],"curies":[{"name":"wp","href":"https:\/\/api.w.org\/{rel}","templated":true}]}}