{"id":21326,"date":"2014-07-06T17:34:52","date_gmt":"2014-07-06T22:34:52","guid":{"rendered":"http:\/\/www.ambiente.gob.ec\/?p=21326"},"modified":"2014-07-08T10:10:57","modified_gmt":"2014-07-08T15:10:57","slug":"viceministra-de-ambiente-visita-kazajstan-para-estrechar-relaciones-con-sus-pares-en-temas-ambientales","status":"publish","type":"post","link":"https:\/\/www.ambienteyenergia.gob.ec\/ambiente\/viceministra-de-ambiente-visita-kazajstan-para-estrechar-relaciones-con-sus-pares-en-temas-ambientales\/","title":{"rendered":"Viceministra de Ambiente visita Kazajst\u00e1n para estrechar relaciones con sus pares en temas ambientales"},"content":{"rendered":"<p style=\"text-align: justify;\">El Ministerio del Ambiente con la representaci\u00f3n de la Viceministra Lorena S\u00e1nchez particip\u00f3 de una visita a Kazajst\u00e1n del 3 al 5 de Julio de 2014, junto al Sr. Canciller de la Republica, Ricardo Pati\u00f1o, donde mantuvo una reuni\u00f3n con las principales autoridades de la C\u00e1mara Alta y Baja del Parlamento, con el Primer Ministro, el Alcalde de Astan\u00e1, el Ministro de Petr\u00f3leo y Gas y con el Ministro de Medio Ambiente y Recursos H\u00eddricos.<\/p>\n<p style=\"text-align: justify;\">El objetivo de esta visita fue extender los ejes de cooperaci\u00f3n con Kazajst\u00e1n y fortalecer las relaciones bilaterales con Ecuador.<\/p>\n<p style=\"text-align: justify;\">En el marco de la Cooperaci\u00f3n Sur-Sur (Cooperaci\u00f3n Horizontal) y sobre la base de las potencialidades y capacidades adquiridas por el Ministerio del Ambiente, se toparon temas de inter\u00e9s como es calidad ambiental y gesti\u00f3n de desechos s\u00f3lidos.<\/p>\n<p style=\"text-align: justify;\">Esto con el fin de lograr un intercambio de experiencias sobre los procesos para la evaluaci\u00f3n ambiental estrat\u00e9gica como herramienta de planificaci\u00f3n ambiental en busca de un desarrollo sostenible para la formulaci\u00f3n de pol\u00edticas, planes y programas que se ejecutan en cada pa\u00eds.<\/p>\n<p style=\"text-align: justify;\">Se fortalecieron las relaciones institucionales del Ministerio del Ambiente de la Rep\u00fablica del Ecuador y su hom\u00f3logo en Kazajst\u00e1n que permitir\u00e1n la generaci\u00f3n de espacios de dialogo que permitan el intercambio de experiencias sobre la gesti\u00f3n ambiental.<\/p>\n<p>&nbsp;<\/p>\n","protected":false},"excerpt":{"rendered":"<p class=\"excerpt\">El Ministerio del Ambiente con la representaci\u00f3n de la Viceministra Lorena S\u00e1nchez particip\u00f3 de una visita a Kazajst\u00e1n del 3 al 5 de Julio de 2014, junto al Sr. Canciller de la Republica, Ricardo Pati\u00f1o, donde mantuvo una reuni\u00f3n con las principales autoridades de la C\u00e1mara Alta y Baja del Parlamento, con el Primer Ministro, el Alcalde de Astan\u00e1, el&hellip; <a href=\"https:\/\/www.ambienteyenergia.gob.ec\/ambiente\/viceministra-de-ambiente-visita-kazajstan-para-estrechar-relaciones-con-sus-pares-en-temas-ambientales\/\">Read more &rarr;<\/a><\/p>\n","protected":false},"author":13,"featured_media":0,"comment_status":"open","ping_status":"open","sticky":false,"template":"","format":"standard","meta":{"footnotes":""},"categories":[16,4],"tags":[54],"class_list":["post-21326","post","type-post","status-publish","format-standard","hentry","category-comunicamos","category-noticias","tag-ministerio-del-ambiente","xfolkentry"],"_links":{"self":[{"href":"https:\/\/www.ambienteyenergia.gob.ec\/ambiente\/wp-json\/wp\/v2\/posts\/21326","targetHints":{"allow":["GET"]}}],"collection":[{"href":"https:\/\/www.ambienteyenergia.gob.ec\/ambiente\/wp-json\/wp\/v2\/posts"}],"about":[{"href":"https:\/\/www.ambienteyenergia.gob.ec\/ambiente\/wp-json\/wp\/v2\/types\/post"}],"author":[{"embeddable":true,"href":"https:\/\/www.ambienteyenergia.gob.ec\/ambiente\/wp-json\/wp\/v2\/users\/13"}],"replies":[{"embeddable":true,"href":"https:\/\/www.ambienteyenergia.gob.ec\/ambiente\/wp-json\/wp\/v2\/comments?post=21326"}],"version-history":[{"count":0,"href":"https:\/\/www.ambienteyenergia.gob.ec\/ambiente\/wp-json\/wp\/v2\/posts\/21326\/revisions"}],"wp:attachment":[{"href":"https:\/\/www.ambienteyenergia.gob.ec\/ambiente\/wp-json\/wp\/v2\/media?parent=21326"}],"wp:term":[{"taxonomy":"category","embeddable":true,"href":"https:\/\/www.ambienteyenergia.gob.ec\/ambiente\/wp-json\/wp\/v2\/categories?post=21326"},{"taxonomy":"post_tag","embeddable":true,"href":"https:\/\/www.ambienteyenergia.gob.ec\/ambiente\/wp-json\/wp\/v2\/tags?post=21326"}],"curies":[{"name":"wp","href":"https:\/\/api.w.org\/{rel}","templated":true}]}}