{"id":21321,"date":"2014-07-07T21:36:33","date_gmt":"2014-07-08T02:36:33","guid":{"rendered":"http:\/\/www.ambiente.gob.ec\/?p=21321"},"modified":"2014-07-07T21:36:33","modified_gmt":"2014-07-08T02:36:33","slug":"condor-guambi-fue-trasladado-a-su-nuevo-hogar-en-el-bioparque-amaru-de-cuenca","status":"publish","type":"post","link":"https:\/\/www.ambienteyenergia.gob.ec\/ambiente\/condor-guambi-fue-trasladado-a-su-nuevo-hogar-en-el-bioparque-amaru-de-cuenca\/","title":{"rendered":"C\u00f3ndor Guambi fue trasladado a su nuevo hogar en el Bioparque Amaru de Cuenca"},"content":{"rendered":"<p style=\"text-align: justify;\">Hoy, luego de casi un a\u00f1o de haber sido rescatado en p\u00e9simo estado de salud y de haber recibido cuidados constantes para garantizar su sobrevivencia, el c\u00f3ndor juvenil Guambi fue trasladado a un refugio para aves de su especie, ubicado en el Bioparque Amaru, a 10 minutos de la ciudad Cuenca, provincia del Azuay. Ello como parte del programa de reproducci\u00f3n, crianza y liberaci\u00f3n que el Ministerio del Ambiente (MAE) lidera y promueve, con el objetivo de evitar la extinci\u00f3n de esta ave emblem\u00e1tica de los Andes ecuatorianos.<\/p>\n<p style=\"text-align: justify;\">Francisco Prieto, Subsecretario de Patrimonio Natural del MAE, en representaci\u00f3n de la Ministra de Ambiente, Lorena Tapia, recalc\u00f3 que para esta Cartera de Estado, como M\u00e1ximo rector Ambiental del pa\u00eds, es fundamental aunar esfuerzos con todas las instituciones afines, para fortalecer las acciones de conservaci\u00f3n del c\u00f3ndor andino.<\/p>\n<p style=\"text-align: justify;\">En ese sentido, explic\u00f3 que la Secretar\u00eda de Ambiente otorga todo el apoyo necesario para los centros de rescate, refugios y zool\u00f3gicos del pa\u00eds. Estos lugares son el hogar de muchos animales que no pueden volver a su h\u00e1bitat natural, evitan su muerte segura y les da otra oportunidad de vida, siempre que tengan todas las condiciones adecuadas y cumplan con las obligaciones que exige la normativa ambiental.<\/p>\n<p style=\"text-align: justify;\">Ese es el caso de Guambi, encontrado el 22 de julio de a\u00f1o pasado por una familia de cuyo apellido adopt\u00f3 el nombre. Este esp\u00e9cimen fue observado mientas intentaba volar en un sector aleda\u00f1o a la Reserva Biol\u00f3gica Antisana (provincia de Pichincha). Sin embargo, sus intentos eran nulos. Al notar esta anomal\u00eda, la familia se contact\u00f3 con el MAE. De manera inmediata, un contingente de la Instituci\u00f3n se traslad\u00f3 al lugar y lo rescat\u00f3.<\/p>\n<p style=\"text-align: justify;\">Cuando recibi\u00f3 atenci\u00f3n en el hospital de fauna silvestre de la Universidad San Francisco de Quito (USFQ), las radiograf\u00edas revelaron que los huesos del ala derecha estaban destrozados. Aparentemente, la fractura fue causada por golpes con un palo o una piedra, cuando intentaban cazarlo. De manera lamentable, se verific\u00f3 que la rotura no pod\u00eda ser operada, pero s\u00ed se pod\u00eda salvar la vida del ejemplar juvenil que ten\u00eda graves s\u00edntomas de deshidrataci\u00f3n e inanici\u00f3n.<\/p>\n<p style=\"text-align: justify;\">Una vez que recuper\u00f3 las fuerzas, el c\u00f3ndor fue trasladado al refugio de vida silvestre denominado Centro de rescate y tr\u00e1nsito de fauna silvestre el Ilitio, en la provincia de Cotopaxi. En este lugar, recibi\u00f3 todas las atenciones necesarias y no se escatimaron esfuerzos para garantizar su sobrevivencia.<\/p>\n<p style=\"text-align: justify;\">Tristemente, Guambi no podr\u00e1 ser liberado en su h\u00e1bitat natural, la fractura en el ala le imposibilita la capacidad de realizar vuelos largos, y por tanto de vivir en estado silvestre. Sin embargo, puede efectuar al 100% todas sus otras funciones biol\u00f3gicas, como comer, movilizarse a saltos, realizar vuelos cortos y reproducirse.<\/p>\n<p style=\"text-align: justify;\">Por ello, en coordinaci\u00f3n con el Grupo Nacional de trabajo del C\u00f3ndor Andino (GNTCA) se decidi\u00f3 trasladarlo al nuevo refugio para c\u00f3ndores en Cuenca. Este ejemplar ser\u00e1 parte de un plan de reproducci\u00f3n en cautiverio, con base en las experiencias obtenidas con la pareja de c\u00f3ndores de Zool\u00f3gico de Quito, misma que ya ha procreado cinco cr\u00edas con \u00e9xito. Dos de sus hijos han sido apartados y se espera que alcancen la edad indicada para ser liberados con el objetivo de repoblar los Andes ecuatorianos con estas aves majestuosas.<\/p>\n<p style=\"text-align: justify;\">Adem\u00e1s, se ha denominado a Guambi como un embajador de su especie. Su presencia ser\u00e1 vital para fortalecer los planes de educaci\u00f3n y sensibilizaci\u00f3n enfocados en la preservaci\u00f3n de estos colosos de los aires.<\/p>\n<p style=\"text-align: justify;\">Su nuevo hogar fue adecuado seg\u00fan las exigencias de la Autoridad Ambiental para que el esp\u00e9cimen se desarrolle en las condiciones m\u00e1s adecuadas. El refugio, construido durante seis meses en una monta\u00f1a, tiene una extensi\u00f3n de m\u00e1s de 1 100 metros cuadrados de extensi\u00f3n y con aproximadamente 10 000 metros c\u00fabicos para que se desplace, trepe a posaderos, perchaderos. Adem\u00e1s, posee un \u00e1rea de cubiles de aislamiento, tratamiento y rehabilitaci\u00f3n.<\/p>\n<p style=\"text-align: justify;\">Pese a que Guambi no pudo volver a su h\u00e1bitat, tuvo otra oportunidad de vida y contribuir\u00e1 para que su especie no desaparezca.<\/p>\n","protected":false},"excerpt":{"rendered":"<p class=\"excerpt\">Hoy, luego de casi un a\u00f1o de haber sido rescatado en p\u00e9simo estado de salud y de haber recibido cuidados constantes para garantizar su sobrevivencia, el c\u00f3ndor juvenil Guambi fue trasladado a un refugio para aves de su especie, ubicado en el Bioparque Amaru, a 10 minutos de la ciudad Cuenca, provincia del Azuay. Ello como parte del programa de&hellip; <a href=\"https:\/\/www.ambienteyenergia.gob.ec\/ambiente\/condor-guambi-fue-trasladado-a-su-nuevo-hogar-en-el-bioparque-amaru-de-cuenca\/\">Read more &rarr;<\/a><\/p>\n","protected":false},"author":13,"featured_media":21322,"comment_status":"open","ping_status":"open","sticky":false,"template":"","format":"standard","meta":{"footnotes":""},"categories":[16,4],"tags":[432,387,408],"class_list":["post-21321","post","type-post","status-publish","format-standard","has-post-thumbnail","hentry","category-comunicamos","category-noticias","tag-condor-andino","tag-mae-lorena-tapia","tag-vida-silvestre","xfolkentry"],"_links":{"self":[{"href":"https:\/\/www.ambienteyenergia.gob.ec\/ambiente\/wp-json\/wp\/v2\/posts\/21321","targetHints":{"allow":["GET"]}}],"collection":[{"href":"https:\/\/www.ambienteyenergia.gob.ec\/ambiente\/wp-json\/wp\/v2\/posts"}],"about":[{"href":"https:\/\/www.ambienteyenergia.gob.ec\/ambiente\/wp-json\/wp\/v2\/types\/post"}],"author":[{"embeddable":true,"href":"https:\/\/www.ambienteyenergia.gob.ec\/ambiente\/wp-json\/wp\/v2\/users\/13"}],"replies":[{"embeddable":true,"href":"https:\/\/www.ambienteyenergia.gob.ec\/ambiente\/wp-json\/wp\/v2\/comments?post=21321"}],"version-history":[{"count":0,"href":"https:\/\/www.ambienteyenergia.gob.ec\/ambiente\/wp-json\/wp\/v2\/posts\/21321\/revisions"}],"wp:featuredmedia":[{"embeddable":true,"href":"https:\/\/www.ambienteyenergia.gob.ec\/ambiente\/wp-json\/wp\/v2\/media\/21322"}],"wp:attachment":[{"href":"https:\/\/www.ambienteyenergia.gob.ec\/ambiente\/wp-json\/wp\/v2\/media?parent=21321"}],"wp:term":[{"taxonomy":"category","embeddable":true,"href":"https:\/\/www.ambienteyenergia.gob.ec\/ambiente\/wp-json\/wp\/v2\/categories?post=21321"},{"taxonomy":"post_tag","embeddable":true,"href":"https:\/\/www.ambienteyenergia.gob.ec\/ambiente\/wp-json\/wp\/v2\/tags?post=21321"}],"curies":[{"name":"wp","href":"https:\/\/api.w.org\/{rel}","templated":true}]}}