{"id":21318,"date":"2014-07-07T21:01:32","date_gmt":"2014-07-08T02:01:32","guid":{"rendered":"http:\/\/www.ambiente.gob.ec\/?p=21318"},"modified":"2014-07-07T21:01:32","modified_gmt":"2014-07-08T02:01:32","slug":"ministerio-del-ambiente-suspende-actividades-en-centro-comercial-por-contaminar-al-estero-salado","status":"publish","type":"post","link":"https:\/\/www.ambienteyenergia.gob.ec\/ambiente\/ministerio-del-ambiente-suspende-actividades-en-centro-comercial-por-contaminar-al-estero-salado\/","title":{"rendered":"Ministerio del Ambiente suspende actividades en centro comercial por contaminar al Estero Salado"},"content":{"rendered":"<p style=\"text-align: justify;\">El Ministerio del Ambiente, a trav\u00e9s de la Direcci\u00f3n Provincial del Ambiente del Guayas, contin\u00faa con sus operativos de control a las empresas que descargan sus aguas residuales al Estero Salado.<\/p>\n<p style=\"text-align: justify;\">En esta ocasi\u00f3n, el Centro Comercial Laguna Plaza ubicado en el Km 12,5 de la v\u00eda a la Costa fue suspendido temporalmente en las \u00e1reas comunes (patio de comida, ba\u00f1os) y la planta de tratamiento por malas pr\u00e1cticas ambientales y descargar sus afluentes l\u00edquidos al canal natural que conduce las aguas lluvias al Estero Salado, las mismas que emanan olores putrefactos a urbanizaciones aleda\u00f1as.<\/p>\n<p style=\"text-align: justify;\">Estas acciones se tomaron luego de una inspecci\u00f3n realizada en la zona tras una denuncia recibida el pasado 4 de junio. A partir de esta fecha se coordin\u00f3 una inspecci\u00f3n en el lugar de los hechos a fin de verificar los posibles da\u00f1os e identificar los responsables de los posibles da\u00f1os y su ubicaci\u00f3n.<\/p>\n<p style=\"text-align: justify;\">Dentro del informe t\u00e9cnico de inspecci\u00f3n emitido el 16 de junio por parte de la Direcci\u00f3n Provincial del Ambiente del Guayas, se se\u00f1ala qu\u00e9 la existencia de tuber\u00edas provenientes de la parte exterior de la urbanizaci\u00f3n Laguna Plaza se encuentran descargando afluentes l\u00edquidos a un canal natural de aguas lluvias, el cual recorre 300 metros desembocando al Estero Salado. Asimismo, se inspeccion\u00f3 la parte externa del muro de cerramiento, donde se verific\u00f3 que la tuber\u00eda que produce la descarga proviene de la planta de tratamiento del Centro Comercial Laguna Plaza.<\/p>\n<p style=\"text-align: justify;\">Tras todos estos antecedentes y la verificaci\u00f3n pertinente, se procedi\u00f3 a ejecutar el primer proceso de citaci\u00f3n a la administraci\u00f3n del centro comercial en menci\u00f3n, luego a la segunda citaci\u00f3n y tercera citaci\u00f3n, amparados en el art\u00edculo 80 en concordancia con el Art. 70 y 124 del cap\u00edtulo VIII del Libro VI del Texto Unificado de Legislaci\u00f3n Ambiental Secundaria del Ministerio del Ambiente (TULAS)<\/p>\n<p style=\"text-align: justify;\">En los an\u00e1lisis realizados a las descargas de aguas residuales se verific\u00f3 que los valores de nitrato, nitr\u00f3geno, detergentes y coliformes fecales, exceden a los l\u00edmites m\u00e1ximos permisibles para descarga de agua dulce, establecidos en la Tabla 12 del Libro VI, anexo 1 del TULAS; y es por esta raz\u00f3n que hoy, 7 de julio se procedi\u00f3 a cerrar de manera temporal las actividades del Centro Comercial Laguna Plaza, en un operativo conjunto con la Intendencia General de Polic\u00eda del Guayas y el Ministerio de Salud.<\/p>\n<p style=\"text-align: justify;\">\u201cDurante este mes se continuar\u00e1 inspeccionando el resto de centros comerciales en el trayecto de v\u00eda a la Costa en la ciudad de Guayaquil\u201d, asegur\u00f3 Pablo Segale, director provincial de Ambiente de Guayas.<\/p>\n","protected":false},"excerpt":{"rendered":"<p class=\"excerpt\">El Ministerio del Ambiente, a trav\u00e9s de la Direcci\u00f3n Provincial del Ambiente del Guayas, contin\u00faa con sus operativos de control a las empresas que descargan sus aguas residuales al Estero Salado. En esta ocasi\u00f3n, el Centro Comercial Laguna Plaza ubicado en el Km 12,5 de la v\u00eda a la Costa fue suspendido temporalmente en las \u00e1reas comunes (patio de comida,&hellip; <a href=\"https:\/\/www.ambienteyenergia.gob.ec\/ambiente\/ministerio-del-ambiente-suspende-actividades-en-centro-comercial-por-contaminar-al-estero-salado\/\">Read more &rarr;<\/a><\/p>\n","protected":false},"author":13,"featured_media":21319,"comment_status":"open","ping_status":"open","sticky":false,"template":"","format":"standard","meta":{"footnotes":""},"categories":[16,4],"tags":[76,107,387],"class_list":["post-21318","post","type-post","status-publish","format-standard","has-post-thumbnail","hentry","category-comunicamos","category-noticias","tag-estero-salado","tag-guayaquil-ecologico","tag-mae-lorena-tapia","xfolkentry"],"_links":{"self":[{"href":"https:\/\/www.ambienteyenergia.gob.ec\/ambiente\/wp-json\/wp\/v2\/posts\/21318","targetHints":{"allow":["GET"]}}],"collection":[{"href":"https:\/\/www.ambienteyenergia.gob.ec\/ambiente\/wp-json\/wp\/v2\/posts"}],"about":[{"href":"https:\/\/www.ambienteyenergia.gob.ec\/ambiente\/wp-json\/wp\/v2\/types\/post"}],"author":[{"embeddable":true,"href":"https:\/\/www.ambienteyenergia.gob.ec\/ambiente\/wp-json\/wp\/v2\/users\/13"}],"replies":[{"embeddable":true,"href":"https:\/\/www.ambienteyenergia.gob.ec\/ambiente\/wp-json\/wp\/v2\/comments?post=21318"}],"version-history":[{"count":0,"href":"https:\/\/www.ambienteyenergia.gob.ec\/ambiente\/wp-json\/wp\/v2\/posts\/21318\/revisions"}],"wp:featuredmedia":[{"embeddable":true,"href":"https:\/\/www.ambienteyenergia.gob.ec\/ambiente\/wp-json\/wp\/v2\/media\/21319"}],"wp:attachment":[{"href":"https:\/\/www.ambienteyenergia.gob.ec\/ambiente\/wp-json\/wp\/v2\/media?parent=21318"}],"wp:term":[{"taxonomy":"category","embeddable":true,"href":"https:\/\/www.ambienteyenergia.gob.ec\/ambiente\/wp-json\/wp\/v2\/categories?post=21318"},{"taxonomy":"post_tag","embeddable":true,"href":"https:\/\/www.ambienteyenergia.gob.ec\/ambiente\/wp-json\/wp\/v2\/tags?post=21318"}],"curies":[{"name":"wp","href":"https:\/\/api.w.org\/{rel}","templated":true}]}}