{"id":21313,"date":"2014-07-07T19:18:51","date_gmt":"2014-07-08T00:18:51","guid":{"rendered":"http:\/\/www.ambiente.gob.ec\/?p=21313"},"modified":"2014-07-09T08:21:32","modified_gmt":"2014-07-09T13:21:32","slug":"mae-participo-en-la-i-conferencia-nacional-de-conservacion-del-condor-andino-en-cuenca","status":"publish","type":"post","link":"https:\/\/www.ambienteyenergia.gob.ec\/ambiente\/mae-participo-en-la-i-conferencia-nacional-de-conservacion-del-condor-andino-en-cuenca\/","title":{"rendered":"MAE particip\u00f3 en la  I Conferencia Nacional de Conservaci\u00f3n del C\u00f3ndor Andino, en Cuenca"},"content":{"rendered":"<p style=\"text-align: justify;\">Hoy, el Ministerio del Ambiente (MAE) particip\u00f3 en la Primera Conferencia Nacional de Conservaci\u00f3n del C\u00f3ndor Andino, realizada en el Auditorio de la Universidad del Azuay (ciudad de Cuenca), con el objetivo de socializar y fortalecer las acciones que esta Cartera de Estado y otras instituciones efect\u00faan en pro del cuidado y\u00a0 preservaci\u00f3n de esta especie registrada en el Libro Rojo de aves del Ecuador.<\/p>\n<p style=\"text-align: justify;\">Esta reuni\u00f3n, organiza de manera conjunta por la Secretaria de Ambiente, el Grupo Nacional de trabajo del C\u00f3ndor Andino (GNTCA) y la Universidad del Azuay; coincidi\u00f3 con la celebraci\u00f3n del D\u00eda Nacional del C\u00f3ndor, instaurado hace 23 a\u00f1os.<\/p>\n<p style=\"text-align: justify;\">Francisco Prieto, Subsecretario de Patrimonio Natural del MAE, en representaci\u00f3n de la Ministra del Ambiente, Lorena Tapia, indic\u00f3 que para este Ministerio es fundamental establecer y fomentar acciones concretas para el cuidado de los c\u00f3ndores, a trav\u00e9s de pol\u00edticas, leyes y campa\u00f1as de educaci\u00f3n y concienciaci\u00f3n, con la finalidad de repoblar los andes ecuatorianos con esta majestuosa ave.<\/p>\n<p style=\"text-align: justify;\"><strong>Estrategia Nacional de conservaci\u00f3n y trabajo del C\u00f3ndor Andino<\/strong><br \/>\nUna de las disposiciones de la Ministra Tapia, ha sido el fortalecimiento de la Estrategia de Conservaci\u00f3n del C\u00f3ndor Andino. En ese sentido, Prieto explic\u00f3 que se han realizado algunas actualizaciones en sus cuatro ejes: 1.- manejo (ex situ e in situ); 2.- investigaci\u00f3n, 3.- conservaci\u00f3n y, 4.- educaci\u00f3n y sensibilizaci\u00f3n.<\/p>\n<p style=\"text-align: justify;\">En esta reuni\u00f3n, se socializ\u00f3 el borrador de la Estrategia, como un plan de acci\u00f3n para la conservaci\u00f3n. Es decir,\u00a0 como un instrumento de protocolos estandarizados a los cuales se deben regir todas las instituciones involucradas, en cuanto a los censos, monitores, tratamiento in situ y ex situ de la especie, entre otros.<\/p>\n<p style=\"text-align: justify;\">Uno de los principales cambios es el establecimiento de plazos para el cumplimiento de las metas. Es decir, establecer qu\u00e9 necesidad se quiere cubrir en una escala espacio temporal. Estos espacios deben ser espec\u00edficos, medibles, alcanzables y realistas.<\/p>\n<p style=\"text-align: justify;\">Asimismo, se explic\u00f3 que los objetivos est\u00e1n dirigidos a las principales amenazas identificadas en la revisi\u00f3n del estatus de la especie. Adem\u00e1s, se evidencian los obst\u00e1culos para cumplir las metas. Para ello, se realiz\u00f3 un \u00e1rbol de problemas en los que se establece, por ejemplo, la carencia de capacitaci\u00f3n, pol\u00edticas inapropiadas para la vida silvestre, etc.\u00a0 Para estos objetivos se definieron acciones que se clasifican seg\u00fan su nivel de prioridad, es decir, alta, media o baja.<\/p>\n<p style=\"text-align: justify;\">Este borrador ser\u00e1 revisado por el Ministerio del Ambiente para su aprobaci\u00f3n e inmediata ejecuci\u00f3n, indic\u00f3 Prieto.<\/p>\n<p style=\"text-align: justify;\">Como parte de la jornada, varios expertos expusieron sobre sus \u00e1reas de trabajo enfocadas en estas aves.<\/p>\n<p style=\"text-align: justify;\"><strong>Reproducci\u00f3n ex situ del c\u00f3ndor andino<\/strong><\/p>\n<p style=\"text-align: justify;\">En su ponencia,\u00a0 Juan Manuel Carri\u00f3n, secretario del Grupo Nacional de trabajo del C\u00f3ndor Andino, expuso sobre las acciones que se han desarrollado en relaci\u00f3n a la reproducci\u00f3n ex situ de estas aves emblem\u00e1ticas del Ecuador. Sobre todo, en cuanto a las experiencias obtenidas con la pareja de SumaK (hembra) y Auki (macho), de 30 a\u00f1os aproximadamente. Estos c\u00f3ndores han logrado procrear en cautiverio, cinco cr\u00edas, dos de las cuales son parte de un programa de crianza y crecimiento para su posterior liberaci\u00f3n.<br \/>\nSeg\u00fan explic\u00f3 el bi\u00f3logo, este proceso ha sido registrado por c\u00e1maras de monitoreo en el nido, en su refugio del Zool\u00f3gico de Quito, ubicado en la parroquia de Guayllabamba. De esta experiencia, se han obtenido alrededor de 1 000 horas de filmaci\u00f3n, a trav\u00e9s de las que ha sido posible determinar ciertos comportamientos de cuidado, alimentaci\u00f3n y acicalamiento de los padres con el pich\u00f3n.<\/p>\n<p style=\"text-align: justify;\"><strong>Telemetr\u00eda: experiencia con el c\u00f3ndor \u201cFelipe\u201d<\/strong><br \/>\nDurante la cita acad\u00e9mica se enfatiz\u00f3 tambi\u00e9n en la importancia de la aplicaci\u00f3n de la telemetr\u00eda para alcanzar\u00a0 la meta relacionada al censo nacional de estas aves. Con el uso de rastreadores\u00a0 satelitales y bandas alares de identificaci\u00f3n, se podr\u00e1 establecer\u00a0 el n\u00famero total de c\u00f3ndores\u00a0 que existen en el pa\u00eds, con el objetivo de medir la tendencia poblacional. Es decir, si \u00e9sta aumenta, es estable o disminuye.<\/p>\n<p style=\"text-align: justify;\">El primero caso exitoso de la aplicaci\u00f3n de esta metodolog\u00eda fue el c\u00f3ndor \u201cFelipe\u201d. Este ejemplar fue rescatado y liberado, en 2013, por esta Cartera de Estado en coordinaci\u00f3n con el GNTCA y la comunidad Campo Alegre, de la provincia de Napo.<\/p>\n<p style=\"text-align: justify;\">Una vez liberado en su h\u00e1bitat natural, en pe\u00f1ones aleda\u00f1os a la laguna La Mica, ubicada en la Reserva Ecol\u00f3gica Antisana, este esp\u00e9cimen permiti\u00f3 conocer su ubicaci\u00f3n, monitorear sus rutas de vuelo y sus sitios de descanso. Durante ocho meses, \u201cFelipe\u201d proporcion\u00f3 gran cantidad de informaci\u00f3n invaluable, se registraron varios dormideros (lugares\u00a0 escogidos por los c\u00f3ndores para dormir), adem\u00e1s de varios sitios de descanso o pernocta. Estos datos son de suma importancia para reforzar las acciones de protecci\u00f3n y monitoreo, pues su seguimiento para conocer el estado y tama\u00f1o de las poblaciones en el \u00e1rea.<\/p>\n<p style=\"text-align: justify;\">De manera lamentable, el pasado 12 de abril fue encontrado muerto en los p\u00e1ramos cercanos a la laguna de Salayambo, provincia de Napo. Este delito est\u00e1 siendo investigado para ubicar y sancionar a los responsables,\u00a0 seg\u00fan lo estipulado en el C\u00f3digo Penal.<\/p>\n<p style=\"text-align: justify;\">Actualmente, dos c\u00f3ndores juveniles que tienen rastreadores satelitales y bandas alares se encuentran en estado libre, luego de un proceso de recuperaci\u00f3n. \u201cPolito\u201d, en Imbabura y \u201cQuipo, en la Reserva Antisanilla.<\/p>\n<p style=\"text-align: justify;\"><strong>Judicializaci\u00f3n de los delitos ambientales<\/strong><br \/>\nUno de los precedentes en sanci\u00f3n por delitos ambientales fue el caso del c\u00f3ndor asesinado\u00a0 en el Bosque Protector Irquis-Yanuncay, en abril del a\u00f1o pasado. El responsable fue declarado culpable y se le impuso una pena privativa de la libertad, luego de que el Ministerio del Ambiente hiciera la acusaci\u00f3n particular.<\/p>\n<p style=\"text-align: justify;\"><strong>Otras ponencias<\/strong><br \/>\nEntre otros temas que se trataron, se encuentran de educaci\u00f3n y las campa\u00f1as de comunicaci\u00f3n para la conservaci\u00f3n, el monitoreo poblacional del c\u00f3ndor en la Reserva Antisanilla, la importancia hist\u00f3rico-cultural de estas aves, etc.<\/p>\n","protected":false},"excerpt":{"rendered":"<p class=\"excerpt\">Hoy, el Ministerio del Ambiente (MAE) particip\u00f3 en la Primera Conferencia Nacional de Conservaci\u00f3n del C\u00f3ndor Andino, realizada en el Auditorio de la Universidad del Azuay (ciudad de Cuenca), con el objetivo de socializar y fortalecer las acciones que esta Cartera de Estado y otras instituciones efect\u00faan en pro del cuidado y\u00a0 preservaci\u00f3n de esta especie registrada en el Libro&hellip; <a href=\"https:\/\/www.ambienteyenergia.gob.ec\/ambiente\/mae-participo-en-la-i-conferencia-nacional-de-conservacion-del-condor-andino-en-cuenca\/\">Read more &rarr;<\/a><\/p>\n","protected":false},"author":13,"featured_media":21314,"comment_status":"open","ping_status":"open","sticky":false,"template":"","format":"standard","meta":{"footnotes":""},"categories":[16,4],"tags":[],"class_list":["post-21313","post","type-post","status-publish","format-standard","has-post-thumbnail","hentry","category-comunicamos","category-noticias","xfolkentry"],"_links":{"self":[{"href":"https:\/\/www.ambienteyenergia.gob.ec\/ambiente\/wp-json\/wp\/v2\/posts\/21313","targetHints":{"allow":["GET"]}}],"collection":[{"href":"https:\/\/www.ambienteyenergia.gob.ec\/ambiente\/wp-json\/wp\/v2\/posts"}],"about":[{"href":"https:\/\/www.ambienteyenergia.gob.ec\/ambiente\/wp-json\/wp\/v2\/types\/post"}],"author":[{"embeddable":true,"href":"https:\/\/www.ambienteyenergia.gob.ec\/ambiente\/wp-json\/wp\/v2\/users\/13"}],"replies":[{"embeddable":true,"href":"https:\/\/www.ambienteyenergia.gob.ec\/ambiente\/wp-json\/wp\/v2\/comments?post=21313"}],"version-history":[{"count":0,"href":"https:\/\/www.ambienteyenergia.gob.ec\/ambiente\/wp-json\/wp\/v2\/posts\/21313\/revisions"}],"wp:featuredmedia":[{"embeddable":true,"href":"https:\/\/www.ambienteyenergia.gob.ec\/ambiente\/wp-json\/wp\/v2\/media\/21314"}],"wp:attachment":[{"href":"https:\/\/www.ambienteyenergia.gob.ec\/ambiente\/wp-json\/wp\/v2\/media?parent=21313"}],"wp:term":[{"taxonomy":"category","embeddable":true,"href":"https:\/\/www.ambienteyenergia.gob.ec\/ambiente\/wp-json\/wp\/v2\/categories?post=21313"},{"taxonomy":"post_tag","embeddable":true,"href":"https:\/\/www.ambienteyenergia.gob.ec\/ambiente\/wp-json\/wp\/v2\/tags?post=21313"}],"curies":[{"name":"wp","href":"https:\/\/api.w.org\/{rel}","templated":true}]}}