{"id":21307,"date":"2014-07-07T17:00:02","date_gmt":"2014-07-07T22:00:02","guid":{"rendered":"http:\/\/www.ambiente.gob.ec\/?p=21307"},"modified":"2014-07-07T17:00:02","modified_gmt":"2014-07-07T22:00:02","slug":"mae-invita-a-jovenes-a-ingresar-al-servicio-civil-ciudadano","status":"publish","type":"post","link":"https:\/\/www.ambienteyenergia.gob.ec\/ambiente\/mae-invita-a-jovenes-a-ingresar-al-servicio-civil-ciudadano\/","title":{"rendered":"MAE invita a j\u00f3venes a ingresar al Servicio Civil Ciudadano"},"content":{"rendered":"<p style=\"text-align: justify;\">El Ministerio del Ambiente iniciar\u00e1 en el mes de agosto el III ciclo de capacitaci\u00f3n de voluntarios del Servicio Civil Ciudadano (SCC), en las provincias de Manab\u00ed y Santo Domingo de los Ts\u00e1chilas.<\/p>\n<p style=\"text-align: justify;\">\u00c1ngelo Traverso, Director Provincial del Ambiente de Manab\u00ed, inform\u00f3 que con esta iniciativa el objetivo es establecer una pr\u00e1ctica de participaci\u00f3n ciudadana para j\u00f3venes, sin distinci\u00f3n de ninguna naturaleza, incluy\u00e9ndolos como actores activos en la soluci\u00f3n de los problemas de sus comunidades y del pa\u00eds, a trav\u00e9s de servicios voluntarios en \u00e1reas prioritarias de inter\u00e9s del Estado.<\/p>\n<p style=\"text-align: justify;\">El proyecto, tiene un periodo de duraci\u00f3n de 10 meses la participaci\u00f3n, en el que recibir\u00e1n\u00a0 formaci\u00f3n te\u00f3rica y pr\u00e1ctica. La jornada de educaci\u00f3n ambiental ser\u00e1 de lunes a viernes y est\u00e1 dirigida a \u00a0j\u00f3venes \u00a0de 18 a 26 a\u00f1os, quienes \u00a0contar\u00e1n con beneficios tales como alimentaci\u00f3n, movilizaci\u00f3n, seguro de vida y accidentes, subsidio de transporte, adem\u00e1s se les entregar\u00e1 chalecos, camisetas y gorras.<\/p>\n<p style=\"text-align: justify;\">El funcionario, destac\u00f3 que durante el periodo de capacitaci\u00f3n, los voluntarios recibir\u00e1n talleres que deben de ser replicados en cada uno de los cantones de la provincia donde tengan que masificar el uso de las buenas pr\u00e1cticas ambientales tanto en escuelas como en colegios.<\/p>\n<p style=\"text-align: justify;\">Entre las actividades programadas est\u00e1 visitar las \u00e1reas protegidas: Parque Nacional Machalilla, Refugio de Vida Silvestre Marino Costero Pacoche y Refugio de Vida Silvestre Isla Coraz\u00f3n y Fragatas, donde se realizar\u00e1n campa\u00f1as de \u00a0reforestaci\u00f3n, preservaci\u00f3n de ecosistemas, campa\u00f1a de limpieza y mantenci\u00f3n de playas.<\/p>\n<p style=\"text-align: justify;\">Los interesados pueden inscribirse en las oficinas del Ministerio del Ambiente de Manab\u00ed, ubicadas en el 4 piso del edificio La Previsora calles Olmedo entre Sucre y C\u00f3rdova tel\u00e9fono 2651848 o con los monitores Jorge Delgado 0991774437 y Mar\u00eda Fernanda Cede\u00f1o 0983701037.<\/p>\n","protected":false},"excerpt":{"rendered":"<p class=\"excerpt\">El Ministerio del Ambiente iniciar\u00e1 en el mes de agosto el III ciclo de capacitaci\u00f3n de voluntarios del Servicio Civil Ciudadano (SCC), en las provincias de Manab\u00ed y Santo Domingo de los Ts\u00e1chilas. \u00c1ngelo Traverso, Director Provincial del Ambiente de Manab\u00ed, inform\u00f3 que con esta iniciativa el objetivo es establecer una pr\u00e1ctica de participaci\u00f3n ciudadana para j\u00f3venes, sin distinci\u00f3n de&hellip; <a href=\"https:\/\/www.ambienteyenergia.gob.ec\/ambiente\/mae-invita-a-jovenes-a-ingresar-al-servicio-civil-ciudadano\/\">Read more &rarr;<\/a><\/p>\n","protected":false},"author":13,"featured_media":21311,"comment_status":"open","ping_status":"open","sticky":false,"template":"","format":"standard","meta":{"footnotes":""},"categories":[16,4],"tags":[],"class_list":["post-21307","post","type-post","status-publish","format-standard","has-post-thumbnail","hentry","category-comunicamos","category-noticias","xfolkentry"],"_links":{"self":[{"href":"https:\/\/www.ambienteyenergia.gob.ec\/ambiente\/wp-json\/wp\/v2\/posts\/21307","targetHints":{"allow":["GET"]}}],"collection":[{"href":"https:\/\/www.ambienteyenergia.gob.ec\/ambiente\/wp-json\/wp\/v2\/posts"}],"about":[{"href":"https:\/\/www.ambienteyenergia.gob.ec\/ambiente\/wp-json\/wp\/v2\/types\/post"}],"author":[{"embeddable":true,"href":"https:\/\/www.ambienteyenergia.gob.ec\/ambiente\/wp-json\/wp\/v2\/users\/13"}],"replies":[{"embeddable":true,"href":"https:\/\/www.ambienteyenergia.gob.ec\/ambiente\/wp-json\/wp\/v2\/comments?post=21307"}],"version-history":[{"count":0,"href":"https:\/\/www.ambienteyenergia.gob.ec\/ambiente\/wp-json\/wp\/v2\/posts\/21307\/revisions"}],"wp:featuredmedia":[{"embeddable":true,"href":"https:\/\/www.ambienteyenergia.gob.ec\/ambiente\/wp-json\/wp\/v2\/media\/21311"}],"wp:attachment":[{"href":"https:\/\/www.ambienteyenergia.gob.ec\/ambiente\/wp-json\/wp\/v2\/media?parent=21307"}],"wp:term":[{"taxonomy":"category","embeddable":true,"href":"https:\/\/www.ambienteyenergia.gob.ec\/ambiente\/wp-json\/wp\/v2\/categories?post=21307"},{"taxonomy":"post_tag","embeddable":true,"href":"https:\/\/www.ambienteyenergia.gob.ec\/ambiente\/wp-json\/wp\/v2\/tags?post=21307"}],"curies":[{"name":"wp","href":"https:\/\/api.w.org\/{rel}","templated":true}]}}