{"id":21304,"date":"2014-07-07T14:38:54","date_gmt":"2014-07-07T19:38:54","guid":{"rendered":"http:\/\/www.ambiente.gob.ec\/?p=21304"},"modified":"2014-07-07T14:38:54","modified_gmt":"2014-07-07T19:38:54","slug":"cernicalo-americano-fue-rescatado-en-san-antonio-de-ibarra","status":"publish","type":"post","link":"https:\/\/www.ambienteyenergia.gob.ec\/ambiente\/cernicalo-americano-fue-rescatado-en-san-antonio-de-ibarra\/","title":{"rendered":"Cern\u00edcalo americano fue rescatado en San Antonio de Ibarra"},"content":{"rendered":"<p style=\"text-align: justify;\">El Ministerio del Ambiente (MAE), en coordinaci\u00f3n con la Unidad de Protecci\u00f3n del Medio Ambiente de la Polic\u00eda Nacional (UPMA), rescat\u00f3 a un cern\u00edcalo americano (<i>Falco sparverius<\/i>) que se encontraba en las calles\u00a027 de Noviembre\u00a0y Eloy Alfaro de la parroquia de San Antonio de Ibarra, provincia de Imbabura, el pasado\u00a04 de julio. Esto tras una denuncia telef\u00f3nica en la que se informaba a la Autoridad Ambiental sobre la presencia del ave en el sector.<\/p>\n<p style=\"text-align: justify;\">\n<p style=\"text-align: justify;\">El esp\u00e9cimen fue encontrado en mal estado de salud y sin poder volar, por lo que t\u00e9cnicos del MAE lo movilizaron al centro de vida silvestre m\u00e1s cercano, en este caso el Parque C\u00f3ndor, en donde ser\u00e1 examinado. Aparentemente, el animal no presenta un cuadro grave, pero permanecer\u00e1 en per\u00edodo de cuarentena hasta determinar las causas exactas por las que no puede emprender vuelo.\u00a0 Luego de valorar su condici\u00f3n se determinar\u00e1 si puede o no ser reinsertado en su h\u00e1bitat natural.<\/p>\n<p style=\"text-align: justify;\">\n<p style=\"text-align: justify;\">El cern\u00edcalo es una especie de ave falconiforme que pertenece a las rapaces, gran parte de ellas habitan en el continente Americano, desde Canad\u00e1 hasta Tierra del Fuego.<\/p>\n<p style=\"text-align: justify;\">\n<p style=\"text-align: justify;\">El MAE agradece la cooperaci\u00f3n de la ciudadan\u00eda y los invita a seguir colaborando con el cuidado del ambiente.<\/p>\n","protected":false},"excerpt":{"rendered":"<p class=\"excerpt\">El Ministerio del Ambiente (MAE), en coordinaci\u00f3n con la Unidad de Protecci\u00f3n del Medio Ambiente de la Polic\u00eda Nacional (UPMA), rescat\u00f3 a un cern\u00edcalo americano (Falco sparverius) que se encontraba en las calles\u00a027 de Noviembre\u00a0y Eloy Alfaro de la parroquia de San Antonio de Ibarra, provincia de Imbabura, el pasado\u00a04 de julio. Esto tras una denuncia telef\u00f3nica en la que&hellip; <a href=\"https:\/\/www.ambienteyenergia.gob.ec\/ambiente\/cernicalo-americano-fue-rescatado-en-san-antonio-de-ibarra\/\">Read more &rarr;<\/a><\/p>\n","protected":false},"author":13,"featured_media":21305,"comment_status":"open","ping_status":"open","sticky":false,"template":"","format":"standard","meta":{"footnotes":""},"categories":[16,4],"tags":[],"class_list":["post-21304","post","type-post","status-publish","format-standard","has-post-thumbnail","hentry","category-comunicamos","category-noticias","xfolkentry"],"_links":{"self":[{"href":"https:\/\/www.ambienteyenergia.gob.ec\/ambiente\/wp-json\/wp\/v2\/posts\/21304","targetHints":{"allow":["GET"]}}],"collection":[{"href":"https:\/\/www.ambienteyenergia.gob.ec\/ambiente\/wp-json\/wp\/v2\/posts"}],"about":[{"href":"https:\/\/www.ambienteyenergia.gob.ec\/ambiente\/wp-json\/wp\/v2\/types\/post"}],"author":[{"embeddable":true,"href":"https:\/\/www.ambienteyenergia.gob.ec\/ambiente\/wp-json\/wp\/v2\/users\/13"}],"replies":[{"embeddable":true,"href":"https:\/\/www.ambienteyenergia.gob.ec\/ambiente\/wp-json\/wp\/v2\/comments?post=21304"}],"version-history":[{"count":0,"href":"https:\/\/www.ambienteyenergia.gob.ec\/ambiente\/wp-json\/wp\/v2\/posts\/21304\/revisions"}],"wp:featuredmedia":[{"embeddable":true,"href":"https:\/\/www.ambienteyenergia.gob.ec\/ambiente\/wp-json\/wp\/v2\/media\/21305"}],"wp:attachment":[{"href":"https:\/\/www.ambienteyenergia.gob.ec\/ambiente\/wp-json\/wp\/v2\/media?parent=21304"}],"wp:term":[{"taxonomy":"category","embeddable":true,"href":"https:\/\/www.ambienteyenergia.gob.ec\/ambiente\/wp-json\/wp\/v2\/categories?post=21304"},{"taxonomy":"post_tag","embeddable":true,"href":"https:\/\/www.ambienteyenergia.gob.ec\/ambiente\/wp-json\/wp\/v2\/tags?post=21304"}],"curies":[{"name":"wp","href":"https:\/\/api.w.org\/{rel}","templated":true}]}}