{"id":21289,"date":"2014-07-07T10:40:27","date_gmt":"2014-07-07T15:40:27","guid":{"rendered":"http:\/\/www.ambiente.gob.ec\/?p=21289"},"modified":"2014-07-07T10:40:41","modified_gmt":"2014-07-07T15:40:41","slug":"mae-lidera-acciones-de-proteccion-del-condor-ave-emblematica-del-ecuador","status":"publish","type":"post","link":"https:\/\/www.ambienteyenergia.gob.ec\/ambiente\/mae-lidera-acciones-de-proteccion-del-condor-ave-emblematica-del-ecuador\/","title":{"rendered":"MAE lidera acciones de protecci\u00f3n del C\u00f3ndor, ave emblem\u00e1tica del Ecuador"},"content":{"rendered":"<p style=\"text-align: justify;\">Al conmemorarse un a\u00f1o m\u00e1s del D\u00eda Nacional del C\u00f3ndor, el Ministerio del Ambiente de Ecuador (MAE), lidera acciones de control, protecci\u00f3n y reproducci\u00f3n del ave emblem\u00e1tica del Ecuador, el C\u00f3ndor, con el objetivo de estimular su cuidado y conservaci\u00f3n en todo el territorio ecuatoriano.<\/p>\n<p style=\"text-align: justify;\">En el Ecuador existen 50 c\u00f3ndores en estado silvestre y 18 c\u00f3ndores en cautiverio, seg\u00fan el \u00faltimo censo realizado en el 2009. La mayor parte de la poblaci\u00f3n se ubica en la parte centro y norte del Ecuador, pero en los \u00faltimos a\u00f1os ha disminuido notablemente. Las principales causas de su desaparici\u00f3n son sus caracter\u00edsticas fisiol\u00f3gicas (es una especie mon\u00f3gama y pone un solo huevo que tarda alrededor de 60 \u2013 65 d\u00edas en eclosionar), la continua p\u00e9rdida de su h\u00e1bitat, la disminuci\u00f3n de especies silvestres y las malas pr\u00e1cticas humanas.<\/p>\n<p style=\"text-align: justify;\">Conscientes de la fragilidad de la especie, el MAE elabor\u00f3 la Estrategia Nacional para la Conservaci\u00f3n del c\u00f3ndor andino (en vigencia desde el 2009), la cual comprende campa\u00f1as de sensibilizaci\u00f3n y educaci\u00f3n ambiental en zonas de avistamiento, gu\u00eda para el mantenimiento ex situ del ave, control y monitoreo, y la realizaci\u00f3n de investigaciones sobre ecolog\u00eda, biolog\u00eda y comportamiento del c\u00f3ndor. \u201cEL cuidado de la vida silvestre que habita en nuestro pa\u00eds es ahora un componente prioritario de gesti\u00f3n para el Ministerio del Ambiente. El trabajo en materia ambiental debe ser integral, no se piensan, por ejemplo, las \u00e1reas protegidas, sin su fauna. Hacia all\u00e1 estamos trabajando.\u201d,\u00a0recalca la Ministra del Ambiente, Lorena Tapia.<\/p>\n<p style=\"text-align: justify;\">Pero pese a todos los esfuerzos del MAE el c\u00f3ndor andino se encuentra categorizado en Peligro Cr\u00edtico dentro del Libro Rojo de Aves del Ecuador y en citado en el Ap\u00e9ndice I de CITES.<\/p>\n<p style=\"text-align: justify;\">Esta Cartera de Estado est\u00e1 vigilante del cumplimiento de lo establecido en la normativa vigente, como es la protecci\u00f3n de las especies de fauna citadas en los libros rojos de Ecuador y en los convenios internacionales de los cuales el Ecuador es signatario como la Convenci\u00f3n sobre el Comercio Internacional de Especies Amenazadas de Fauna y Flora Silvestres (CITES), Convenci\u00f3n sobre la Conservaci\u00f3n de Especies Migratorias de Animales Silvestres (CMS), Convenio de la Diversidad Biol\u00f3gica (CDB).<\/p>\n<p style=\"text-align: justify;\"><strong>La normativa ambiental vigente estipula<\/strong><br \/>\nC\u00f3digo Penal Ecuatoriano Art. 437 F.-\u00a0\u201cEl que cace, capture, recolecte, extraiga o comercialice, especies de flora o fauna que est\u00e9n legalmente protegidas contraviniendo las disposiciones legales y reglamentarias sobre la materia, ser\u00e1 reprimido con prisi\u00f3n de uno a tres a\u00f1os y cuatro a\u00f1os cuando se trate de especies en peligro de extinci\u00f3n\u201d.<\/p>\n<p style=\"text-align: justify;\">Ley Forestal y de Conservaci\u00f3n de \u00c1reas Naturales y Vida Silvestre Art. 78.-\u00a0\u201cQuien pode, tale, descortece, destruya, altere, adquiera, transporte, comercialice, o utilice los productos de vida silvestre sin el correspondiente contrato, licencia o autorizaci\u00f3n de aprovechamiento a quien estuviera legalmente obligado, o que, teni\u00e9ndolos, se exceda de lo autorizado, ser\u00e1 sancionados con multas equivalentes al valor de uno a diez salarios m\u00ednimos vitales generales y el decomiso de los productos\u201d.<\/p>\n<p style=\"text-align: justify;\"><strong>C\u00f3ndor Polito<\/strong><br \/>\nRescatado el pasado\u00a022 de abril\u00a0de 2014. Se recuper\u00f3 r\u00e1pidamente de una fisura que presentaba en su pico al momento de su rescate. Debido a su bajo peso, los expertos sugirieron controlar su alimentaci\u00f3n mientras se encontraba en cautiverio para que pueda volar y alimentarse por s\u00ed solo. Este esp\u00e9cimen fue liberado el pasado\u00a021 de mayo, por la Ministra del Ambiente, Lorena Tapia N\u00fa\u00f1ez, en el Parque C\u00f3ndor, al momento de su liberaci\u00f3n contaba con un rastreador satelital, bandas alares y un microchip de identificaci\u00f3n.<\/p>\n<p style=\"text-align: justify;\"><strong>C\u00f3ndor Quipo<\/strong><br \/>\nRescatado el\u00a015 de mayo\u00a0de 2014 en el sector Arrayan, en Napo. Al momento en que funcionarios del MAE procedieron a rescatarlo, el c\u00f3ndor presentaba debilidad, consecuencia de su desnutrici\u00f3n. No presentaba heridas de perdigones, seg\u00fan se revel\u00f3 en los ex\u00e1menes veterinarios y radiograf\u00edas realizadas a este ejemplar. Fue liberado el pasado\u00a001 de julio\u00a0en la Reserva Biol\u00f3gica Antisanilla, ubicada en las laderas occidentales del volc\u00e1n Antisana, y es el tercer esp\u00e9cimen de su tipo en ser devuelto a su h\u00e1bitat natural con un rastreador satelital, bandas alares y un microchip de identificaci\u00f3n, dispositivos que permitir\u00e1n hacer un seguimiento y monitoreo de sus rutas de vuelo y desplazamiento.<\/p>\n<p style=\"text-align: justify;\"><strong>C\u00f3ndor Guambi<\/strong><br \/>\nFue rescatado el\u00a022 de julio\u00a0de 2013, en Pifo (v\u00eda Papallacta). Se encontraba deca\u00eddo, completamente mojado, sin posibilidad de volar. Present\u00f3 fracturas completas cercanas a las ep\u00edfisis de c\u00fabito y radio del ala, lo que le imposibilita volver a volar con normalidad, raz\u00f3n por la cual se determin\u00f3 que no podr\u00e1 ser liberado y pasar\u00e1 a formar parte del proyecto de reproducci\u00f3n de c\u00f3ndores en cautiverio para conservaci\u00f3n de la especie.<\/p>\n","protected":false},"excerpt":{"rendered":"<p class=\"excerpt\">Al conmemorarse un a\u00f1o m\u00e1s del D\u00eda Nacional del C\u00f3ndor, el Ministerio del Ambiente de Ecuador (MAE), lidera acciones de control, protecci\u00f3n y reproducci\u00f3n del ave emblem\u00e1tica del Ecuador, el C\u00f3ndor, con el objetivo de estimular su cuidado y conservaci\u00f3n en todo el territorio ecuatoriano. En el Ecuador existen 50 c\u00f3ndores en estado silvestre y 18 c\u00f3ndores en cautiverio, seg\u00fan&hellip; <a href=\"https:\/\/www.ambienteyenergia.gob.ec\/ambiente\/mae-lidera-acciones-de-proteccion-del-condor-ave-emblematica-del-ecuador\/\">Read more &rarr;<\/a><\/p>\n","protected":false},"author":13,"featured_media":21290,"comment_status":"open","ping_status":"open","sticky":false,"template":"","format":"standard","meta":{"footnotes":""},"categories":[16,4],"tags":[],"class_list":["post-21289","post","type-post","status-publish","format-standard","has-post-thumbnail","hentry","category-comunicamos","category-noticias","xfolkentry"],"_links":{"self":[{"href":"https:\/\/www.ambienteyenergia.gob.ec\/ambiente\/wp-json\/wp\/v2\/posts\/21289","targetHints":{"allow":["GET"]}}],"collection":[{"href":"https:\/\/www.ambienteyenergia.gob.ec\/ambiente\/wp-json\/wp\/v2\/posts"}],"about":[{"href":"https:\/\/www.ambienteyenergia.gob.ec\/ambiente\/wp-json\/wp\/v2\/types\/post"}],"author":[{"embeddable":true,"href":"https:\/\/www.ambienteyenergia.gob.ec\/ambiente\/wp-json\/wp\/v2\/users\/13"}],"replies":[{"embeddable":true,"href":"https:\/\/www.ambienteyenergia.gob.ec\/ambiente\/wp-json\/wp\/v2\/comments?post=21289"}],"version-history":[{"count":0,"href":"https:\/\/www.ambienteyenergia.gob.ec\/ambiente\/wp-json\/wp\/v2\/posts\/21289\/revisions"}],"wp:featuredmedia":[{"embeddable":true,"href":"https:\/\/www.ambienteyenergia.gob.ec\/ambiente\/wp-json\/wp\/v2\/media\/21290"}],"wp:attachment":[{"href":"https:\/\/www.ambienteyenergia.gob.ec\/ambiente\/wp-json\/wp\/v2\/media?parent=21289"}],"wp:term":[{"taxonomy":"category","embeddable":true,"href":"https:\/\/www.ambienteyenergia.gob.ec\/ambiente\/wp-json\/wp\/v2\/categories?post=21289"},{"taxonomy":"post_tag","embeddable":true,"href":"https:\/\/www.ambienteyenergia.gob.ec\/ambiente\/wp-json\/wp\/v2\/tags?post=21289"}],"curies":[{"name":"wp","href":"https:\/\/api.w.org\/{rel}","templated":true}]}}