{"id":21284,"date":"2014-07-07T09:47:54","date_gmt":"2014-07-07T14:47:54","guid":{"rendered":"http:\/\/www.ambiente.gob.ec\/?p=21284"},"modified":"2014-07-07T13:26:40","modified_gmt":"2014-07-07T18:26:40","slug":"mae-construye-centro-de-interpretacion-de-tortugas-marinas-en-manabi","status":"publish","type":"post","link":"https:\/\/www.ambienteyenergia.gob.ec\/ambiente\/mae-construye-centro-de-interpretacion-de-tortugas-marinas-en-manabi\/","title":{"rendered":"MAE construye Centro de Interpretaci\u00f3n de Tortugas Marinas en Manab\u00ed"},"content":{"rendered":"<p style=\"text-align: justify;\">El Ministerio del Ambiente (MAE) construye actualmente un Centro de Interpretaci\u00f3n de Tortugas Marinas en el Parque Nacional Machalilla. La obra, que est\u00e1 pr\u00f3xima a finalizar, busca aportar a la protecci\u00f3n y conservaci\u00f3n de estas especies y al desarrollo tur\u00edstico del sector.<\/p>\n<p style=\"text-align: justify;\">\u00c1ngelo Traverso, Coordinador zonal 4 del Ministerio del Ambiente, asegur\u00f3 que \u00e9ste centro de interpretaci\u00f3n es el primero en construirse en la costa ecuatoriana. \u00abEl sitio est\u00e1 ubicado en la parroquia Sal\u00e1ngo, lugar de importancia para la anidaci\u00f3n de la tortuga Carey, \u00fanica especie en el pac\u00edfico suroriental\u00bb.<\/p>\n<p style=\"text-align: justify;\">Las playas del sur de Manab\u00ed son los principales puntos de anidaci\u00f3n de las tortugas marinas, por ello, se ejecutan diversas\u00a0 acciones que buscan frenar la pesca irracional, depredaci\u00f3n de nidos, destrucci\u00f3n de su ecosistema, y en general, evitar todas las amenazas humanas que pongan en peligro a estos quelonios. Por esta raz\u00f3n, se edifica este centro, para mostrar a turistas nacionales y extranjeros\u00a0 la importancia de conservar esta especie que se encuentra en peligro cr\u00edtico de extinci\u00f3n.<\/p>\n<p style=\"text-align: justify;\">Asimismo, Traverso explic\u00f3 que para complementar el centro de interpretaci\u00f3n, se construye un sendero de 1 400 metros en un bosque de transici\u00f3n \u00fanico de la zona, donde desde un mirador se podr\u00e1 divisar la costa de La Playita de Sal\u00e1ngo (sitio de anidaci\u00f3n de la tortuga Carey). El trayecto se lo realizar\u00e1 con la ayuda de gu\u00edas naturalistas de la comunidad de Sal\u00e1ngo; quienes ser\u00e1n acreditados por esta Cartera de Estado.<\/p>\n<p style=\"text-align: justify;\">La obra es financiada por Conservaci\u00f3n Internacional del Ecuador y el Ministerio del Ambiente, pero tambi\u00e9n se cuenta con el aporte de varias instituciones como \u00a0el Gobierno Aut\u00f3nomo Descentralizado de Puerto L\u00f3pez, Gobernaci\u00f3n de Manab\u00ed y los Ministerio de Turismo y Transporte.<\/p>\n","protected":false},"excerpt":{"rendered":"<p class=\"excerpt\">El Ministerio del Ambiente (MAE) construye actualmente un Centro de Interpretaci\u00f3n de Tortugas Marinas en el Parque Nacional Machalilla. La obra, que est\u00e1 pr\u00f3xima a finalizar, busca aportar a la protecci\u00f3n y conservaci\u00f3n de estas especies y al desarrollo tur\u00edstico del sector. \u00c1ngelo Traverso, Coordinador zonal 4 del Ministerio del Ambiente, asegur\u00f3 que \u00e9ste centro de interpretaci\u00f3n es el primero&hellip; <a href=\"https:\/\/www.ambienteyenergia.gob.ec\/ambiente\/mae-construye-centro-de-interpretacion-de-tortugas-marinas-en-manabi\/\">Read more &rarr;<\/a><\/p>\n","protected":false},"author":13,"featured_media":21285,"comment_status":"open","ping_status":"open","sticky":false,"template":"","format":"standard","meta":{"footnotes":""},"categories":[16,4],"tags":[],"class_list":["post-21284","post","type-post","status-publish","format-standard","has-post-thumbnail","hentry","category-comunicamos","category-noticias","xfolkentry"],"_links":{"self":[{"href":"https:\/\/www.ambienteyenergia.gob.ec\/ambiente\/wp-json\/wp\/v2\/posts\/21284","targetHints":{"allow":["GET"]}}],"collection":[{"href":"https:\/\/www.ambienteyenergia.gob.ec\/ambiente\/wp-json\/wp\/v2\/posts"}],"about":[{"href":"https:\/\/www.ambienteyenergia.gob.ec\/ambiente\/wp-json\/wp\/v2\/types\/post"}],"author":[{"embeddable":true,"href":"https:\/\/www.ambienteyenergia.gob.ec\/ambiente\/wp-json\/wp\/v2\/users\/13"}],"replies":[{"embeddable":true,"href":"https:\/\/www.ambienteyenergia.gob.ec\/ambiente\/wp-json\/wp\/v2\/comments?post=21284"}],"version-history":[{"count":0,"href":"https:\/\/www.ambienteyenergia.gob.ec\/ambiente\/wp-json\/wp\/v2\/posts\/21284\/revisions"}],"wp:featuredmedia":[{"embeddable":true,"href":"https:\/\/www.ambienteyenergia.gob.ec\/ambiente\/wp-json\/wp\/v2\/media\/21285"}],"wp:attachment":[{"href":"https:\/\/www.ambienteyenergia.gob.ec\/ambiente\/wp-json\/wp\/v2\/media?parent=21284"}],"wp:term":[{"taxonomy":"category","embeddable":true,"href":"https:\/\/www.ambienteyenergia.gob.ec\/ambiente\/wp-json\/wp\/v2\/categories?post=21284"},{"taxonomy":"post_tag","embeddable":true,"href":"https:\/\/www.ambienteyenergia.gob.ec\/ambiente\/wp-json\/wp\/v2\/tags?post=21284"}],"curies":[{"name":"wp","href":"https:\/\/api.w.org\/{rel}","templated":true}]}}