{"id":21268,"date":"2014-07-04T16:43:43","date_gmt":"2014-07-04T21:43:43","guid":{"rendered":"http:\/\/www.ambiente.gob.ec\/?p=21268"},"modified":"2014-07-04T16:43:43","modified_gmt":"2014-07-04T21:43:43","slug":"centro-de-rescate-guayabillas-recibe-a-un-loro-rescatado-por-funcionarios-del-mae-y-upma","status":"publish","type":"post","link":"https:\/\/www.ambienteyenergia.gob.ec\/ambiente\/centro-de-rescate-guayabillas-recibe-a-un-loro-rescatado-por-funcionarios-del-mae-y-upma\/","title":{"rendered":"Centro de Rescate Guayabillas recibe a un loro rescatado por funcionarios del MAE y UPMA"},"content":{"rendered":"<p style=\"text-align: justify;\">El Ministerio del Ambiente de Ecuador (MAE), a trav\u00e9s de la Direcci\u00f3n Provincial del Ambiente de Imbabura, en coordinaci\u00f3n con la Unidad de Protecci\u00f3n del Medio Ambiente (UPMA) de la Polic\u00eda Nacional, realiz\u00f3 un operativo de control en la ciudad de Ibarra que dio como resultado la retenci\u00f3n de una lora que permanec\u00eda en cautiverio.<\/p>\n<p style=\"text-align: justify;\">\n<p style=\"text-align: justify;\">Este esp\u00e9cimen se encontraba en una vivienda de la ciudad, en la cual ha permanecido durante 20 a\u00f1os. El ave fue rescatada por un ciudadano en la ciudad de San Lorenzo de la provincia de Esmeraldas, en malas condiciones de salud; presentaba se\u00f1ales de maltrato y heridas, especialmente en una de sus alas.<\/p>\n<p style=\"text-align: justify;\">\n<p style=\"text-align: justify;\">Al momento del rescate, realizado el pasado 03 de julio, la lora presentaba buen estado de salud y peso, m\u00e1s no as\u00ed sus alas, que no pudieron recuperarse por completo, evitando as\u00ed el libre vuelo del ave que fue cuidada de la mejor manera por la familia, que lo entreg\u00f3 voluntariamente a los funcionarios de esta Cartera de Estado.<\/p>\n<p style=\"text-align: justify;\">\n<p style=\"text-align: justify;\">Para dar cumplimiento a la ley, el ave fue traslada al Centro de Rescate Guayabillas, donde se realiz\u00f3 una evaluaci\u00f3n veterinaria que confirm\u00f3 una malformaci\u00f3n en su ala. En los pr\u00f3ximos d\u00edas ser\u00e1 evaluada y puesta en cuarentena para ver su estado y evoluci\u00f3n, para poder determinar la posibilidad de reinsertarla en su h\u00e1bitat natural.<\/p>\n<p style=\"text-align: justify;\">\n","protected":false},"excerpt":{"rendered":"<p class=\"excerpt\">El Ministerio del Ambiente de Ecuador (MAE), a trav\u00e9s de la Direcci\u00f3n Provincial del Ambiente de Imbabura, en coordinaci\u00f3n con la Unidad de Protecci\u00f3n del Medio Ambiente (UPMA) de la Polic\u00eda Nacional, realiz\u00f3 un operativo de control en la ciudad de Ibarra que dio como resultado la retenci\u00f3n de una lora que permanec\u00eda en cautiverio. Este esp\u00e9cimen se encontraba en&hellip; <a href=\"https:\/\/www.ambienteyenergia.gob.ec\/ambiente\/centro-de-rescate-guayabillas-recibe-a-un-loro-rescatado-por-funcionarios-del-mae-y-upma\/\">Read more &rarr;<\/a><\/p>\n","protected":false},"author":13,"featured_media":21269,"comment_status":"open","ping_status":"open","sticky":false,"template":"","format":"standard","meta":{"footnotes":""},"categories":[16,4],"tags":[],"class_list":["post-21268","post","type-post","status-publish","format-standard","has-post-thumbnail","hentry","category-comunicamos","category-noticias","xfolkentry"],"_links":{"self":[{"href":"https:\/\/www.ambienteyenergia.gob.ec\/ambiente\/wp-json\/wp\/v2\/posts\/21268","targetHints":{"allow":["GET"]}}],"collection":[{"href":"https:\/\/www.ambienteyenergia.gob.ec\/ambiente\/wp-json\/wp\/v2\/posts"}],"about":[{"href":"https:\/\/www.ambienteyenergia.gob.ec\/ambiente\/wp-json\/wp\/v2\/types\/post"}],"author":[{"embeddable":true,"href":"https:\/\/www.ambienteyenergia.gob.ec\/ambiente\/wp-json\/wp\/v2\/users\/13"}],"replies":[{"embeddable":true,"href":"https:\/\/www.ambienteyenergia.gob.ec\/ambiente\/wp-json\/wp\/v2\/comments?post=21268"}],"version-history":[{"count":0,"href":"https:\/\/www.ambienteyenergia.gob.ec\/ambiente\/wp-json\/wp\/v2\/posts\/21268\/revisions"}],"wp:featuredmedia":[{"embeddable":true,"href":"https:\/\/www.ambienteyenergia.gob.ec\/ambiente\/wp-json\/wp\/v2\/media\/21269"}],"wp:attachment":[{"href":"https:\/\/www.ambienteyenergia.gob.ec\/ambiente\/wp-json\/wp\/v2\/media?parent=21268"}],"wp:term":[{"taxonomy":"category","embeddable":true,"href":"https:\/\/www.ambienteyenergia.gob.ec\/ambiente\/wp-json\/wp\/v2\/categories?post=21268"},{"taxonomy":"post_tag","embeddable":true,"href":"https:\/\/www.ambienteyenergia.gob.ec\/ambiente\/wp-json\/wp\/v2\/tags?post=21268"}],"curies":[{"name":"wp","href":"https:\/\/api.w.org\/{rel}","templated":true}]}}