{"id":21264,"date":"2014-07-04T15:22:25","date_gmt":"2014-07-04T20:22:25","guid":{"rendered":"http:\/\/www.ambiente.gob.ec\/?p=21264"},"modified":"2014-07-04T15:22:25","modified_gmt":"2014-07-04T20:22:25","slug":"compromiso-de-alcaldes-mancomunidad-sumak-kawsay-da-luz-verde-a-proyecto-emblematico","status":"publish","type":"post","link":"https:\/\/www.ambienteyenergia.gob.ec\/ambiente\/compromiso-de-alcaldes-mancomunidad-sumak-kawsay-da-luz-verde-a-proyecto-emblematico\/","title":{"rendered":"Compromiso de Alcaldes Mancomunidad Sumak Kawsay da luz verde a Proyecto Emblem\u00e1tico"},"content":{"rendered":"<p style=\"text-align: justify;\"><i>El Ministerio del Ambiente a trav\u00e9s del Programa Nacional para la Gesti\u00f3n Integral de Desechos S\u00f3lidos, socializ\u00f3 la primera fase (diagn\u00f3stico de la situaci\u00f3n actual) de los estudios de gesti\u00f3n integral y aprovechamiento de los residuos s\u00f3lidos de la Mancomunidad Sumak Kawsay, as\u00ed como los estudios de cierre t\u00e9cnico de los botaderos a cielo abierto. El Ministerio del Ambiente, Senplades, Instituto Nacional de Preinversi\u00f3n, Consejo Nacional de Competencias, junto a los 20 alcaldes de los cantones que conforman la Mancomunidad (13 Los R\u00edos, 4 Guayas y 3 Bol\u00edvar), sumados a sus respectivos t\u00e9cnicos participaron de forma activa con los Consultores, en un taller que permiti\u00f3 conocer cu\u00e1l es la realidad de cada uno de los GADs.\u00a0<\/i><\/p>\n<p style=\"text-align: justify;\">Paula Guerra, Gerente del Programa Nacional para la Gesti\u00f3n Integral de Desechos S\u00f3lidos (PNGIDS), inaugur\u00f3 el taller de socializaci\u00f3n de la primera fase del Estudio de Gesti\u00f3n Integral y aprovechamiento de los desechos s\u00f3lidos de la Mancomunidad Mundo Verde o Sumak Kawsay, que beneficiar\u00e1 a m\u00e1s de 1\u00b4000.000 de habitantes que generan m\u00e1s de 675\u00a0 toneladas de residuos al a\u00f1o. Guerra mencion\u00f3 \u00ablos estudios presentan un diagn\u00f3stico de los servicios actuales: almacenamiento temporal, barrido, recolecci\u00f3n, y\u00a0 disposici\u00f3n final (botaderos a cielo abierto). Se persent\u00f3 tambi\u00e9n los dise\u00f1os para el cierre t\u00e9cnico de todos los botaderos a cielo abierto enmarcados dentro de este importante proyecto de saneamiento ambiental.<\/p>\n<p style=\"text-align: justify;\">Los estudios de Gesti\u00f3n Integral de Residuos S\u00f3lidos para la mancomunidad Sumak Kawsay los realiza la reconocida agencia de Cooperaci\u00f3n Alemana \u2013GIZ- Estudios de Pre-factibilidad, factibilidad y dise\u00f1os definitivos para la gesti\u00f3n integral y aprovechamiento de los desechos s\u00f3lidos generados por la Mancomunidad Mundo Verde o Sumak Kawsay.<\/p>\n<p style=\"text-align: justify;\">Entre las instituciones participantes de este proyecto emblem\u00e1tico, Carla Zambrano, Subsecretaria de la Zona 5 de Senplades, exhort\u00f3 a los alcaldes participantes a comprometerse en el desarrollo de las acciones necesarias para la realizaci\u00f3n de este proyecto. As\u00ed tambi\u00e9n, Carlos Ortega, Alcalde reelecto de Pueblo Viejo y actual presidente de la Mancomunidad, hizo un llamado a que el resto de sus compa\u00f1eros participen activamente en el proceso de ejecuci\u00f3n de los requerimientos necesarios para dar inicio a la implementaci\u00f3n de una Gesti\u00f3n Integral de Residuos S\u00f3lidos en la zona.<\/p>\n<p style=\"text-align: justify;\">La primera etapa del proyecto contempla el cierre t\u00e9cnico de los 20 botaderos a cielo abierto y la construcci\u00f3n de 5 celdas emergentes mancomunadas antes de la implementaci\u00f3n del modelo de Gesti\u00f3n Integral. El estudio incluy\u00f3 todos los aspectos considerados para la gesti\u00f3n, por ejemplo se determin\u00f3 que la mayor\u00eda de actividades productivas identificadas reusan sus desechos o los entregan a gestores calificados; as\u00ed tambi\u00e9n que los desechos que se estar\u00edan generando y no utilizando, que corresponden a un volumen considerable, se quedan en el sitio de producci\u00f3n y no llegaran a los botaderos municipales.<\/p>\n<p style=\"text-align: justify;\">Paula Guerra hizo un llamado a los Alcaldes de la Mancomunidad para que sean ellos, como representante m\u00e1ximos de los Municipios, los encargados de ejecutar la implementaci\u00f3n de cierres t\u00e9cnicos de botaderos de manera inmediata con el fin de minimizar los impactos ambientales causados por la inadecuada disposici\u00f3n de los mismos.<\/p>\n<p style=\"text-align: justify;\">\n","protected":false},"excerpt":{"rendered":"<p class=\"excerpt\">El Ministerio del Ambiente a trav\u00e9s del Programa Nacional para la Gesti\u00f3n Integral de Desechos S\u00f3lidos, socializ\u00f3 la primera fase (diagn\u00f3stico de la situaci\u00f3n actual) de los estudios de gesti\u00f3n integral y aprovechamiento de los residuos s\u00f3lidos de la Mancomunidad Sumak Kawsay, as\u00ed como los estudios de cierre t\u00e9cnico de los botaderos a cielo abierto. El Ministerio del Ambiente, Senplades,&hellip; <a href=\"https:\/\/www.ambienteyenergia.gob.ec\/ambiente\/compromiso-de-alcaldes-mancomunidad-sumak-kawsay-da-luz-verde-a-proyecto-emblematico\/\">Read more &rarr;<\/a><\/p>\n","protected":false},"author":13,"featured_media":21265,"comment_status":"open","ping_status":"open","sticky":false,"template":"","format":"standard","meta":{"footnotes":""},"categories":[16,4],"tags":[],"class_list":["post-21264","post","type-post","status-publish","format-standard","has-post-thumbnail","hentry","category-comunicamos","category-noticias","xfolkentry"],"_links":{"self":[{"href":"https:\/\/www.ambienteyenergia.gob.ec\/ambiente\/wp-json\/wp\/v2\/posts\/21264","targetHints":{"allow":["GET"]}}],"collection":[{"href":"https:\/\/www.ambienteyenergia.gob.ec\/ambiente\/wp-json\/wp\/v2\/posts"}],"about":[{"href":"https:\/\/www.ambienteyenergia.gob.ec\/ambiente\/wp-json\/wp\/v2\/types\/post"}],"author":[{"embeddable":true,"href":"https:\/\/www.ambienteyenergia.gob.ec\/ambiente\/wp-json\/wp\/v2\/users\/13"}],"replies":[{"embeddable":true,"href":"https:\/\/www.ambienteyenergia.gob.ec\/ambiente\/wp-json\/wp\/v2\/comments?post=21264"}],"version-history":[{"count":0,"href":"https:\/\/www.ambienteyenergia.gob.ec\/ambiente\/wp-json\/wp\/v2\/posts\/21264\/revisions"}],"wp:featuredmedia":[{"embeddable":true,"href":"https:\/\/www.ambienteyenergia.gob.ec\/ambiente\/wp-json\/wp\/v2\/media\/21265"}],"wp:attachment":[{"href":"https:\/\/www.ambienteyenergia.gob.ec\/ambiente\/wp-json\/wp\/v2\/media?parent=21264"}],"wp:term":[{"taxonomy":"category","embeddable":true,"href":"https:\/\/www.ambienteyenergia.gob.ec\/ambiente\/wp-json\/wp\/v2\/categories?post=21264"},{"taxonomy":"post_tag","embeddable":true,"href":"https:\/\/www.ambienteyenergia.gob.ec\/ambiente\/wp-json\/wp\/v2\/tags?post=21264"}],"curies":[{"name":"wp","href":"https:\/\/api.w.org\/{rel}","templated":true}]}}