{"id":21260,"date":"2014-07-04T13:55:32","date_gmt":"2014-07-04T18:55:32","guid":{"rendered":"http:\/\/www.ambiente.gob.ec\/?p=21260"},"modified":"2014-07-04T16:09:25","modified_gmt":"2014-07-04T21:09:25","slug":"mae-tomo-muestras-para-verificar-la-afectacion-del-derrame-suscitado-en-sucumbios","status":"publish","type":"post","link":"https:\/\/www.ambienteyenergia.gob.ec\/ambiente\/mae-tomo-muestras-para-verificar-la-afectacion-del-derrame-suscitado-en-sucumbios\/","title":{"rendered":"MAE tom\u00f3 muestras para analizar la afectaci\u00f3n del derrame suscitado en Sucumb\u00edos"},"content":{"rendered":"<p style=\"text-align: justify;\">Ayer, el Ministerio del Ambiente (MAE) realiz\u00f3 un recorrido por la comunidad de Puerto Libre en la provincia de Sucumb\u00edos, para verificar las acciones de contenci\u00f3n y realizar un muestreo de suelo y agua en la zona afectada por el derrame de crudo que se produjo, el pasado 1 de julio, en el kil\u00f3metro 18 de la v\u00eda a Tarapoa.<\/p>\n<p style=\"text-align: justify;\">El incidente se produjo luego de que un deslizamiento en la capa asf\u00e1ltica rompiera la l\u00ednea 12 3\/4 del Oleoducto Secundario, perteneciente a la operadora Petroamazonas EP. El MAE, inmediatamente conocido el hecho, moviliz\u00f3 a t\u00e9cnicos al sector para monitorear el \u00e1rea y comprobar los trabajos de limpieza. Asimismo, para constatar el grado de afectaci\u00f3n, una comitiva conformada por representantes de la comunidad, t\u00e9cnicos de Petroamazonas EP, especialistas de la Direcci\u00f3n Nacional de Calidad Ambiental y del Programa de Reparaci\u00f3n Ambiental y Social (PRAS), junto con funcionarios de la Direcci\u00f3n Provincial del MAE Sucumb\u00edos y del laboratorio Havoc, recorrieron la zona.<\/p>\n<p style=\"text-align: justify;\">Seg\u00fan indic\u00f3 Darwin C\u00f3rdova, Supervisor de Seguridad y Ambiente (SSA) de Petroamazonas EP, el derrame fue controlado al 100% y el oleoducto secundario ya est\u00e1 funcionando, ya quese removi\u00f3 la tuber\u00eda rota y se la ha reemplazado por una nueva. Adem\u00e1s, la empresa operadora coloc\u00f3 boyas absorbentes en varios puntos del r\u00edo Parahuaico para evitar que el crudo se disperse.<\/p>\n<p style=\"text-align: justify;\">\u00a0Las labores de remediaci\u00f3n empezaran despu\u00e9s de recoger el crudo derramado, por lo que el MAE permanecer\u00e1 vigilante para verificar el fiel cumplimiento de los procedimientos del Plan de Contingencia.<\/p>\n","protected":false},"excerpt":{"rendered":"<p class=\"excerpt\">Ayer, el Ministerio del Ambiente (MAE) realiz\u00f3 un recorrido por la comunidad de Puerto Libre en la provincia de Sucumb\u00edos, para verificar las acciones de contenci\u00f3n y realizar un muestreo de suelo y agua en la zona afectada por el derrame de crudo que se produjo, el pasado 1 de julio, en el kil\u00f3metro 18 de la v\u00eda a Tarapoa.&hellip; <a href=\"https:\/\/www.ambienteyenergia.gob.ec\/ambiente\/mae-tomo-muestras-para-verificar-la-afectacion-del-derrame-suscitado-en-sucumbios\/\">Read more &rarr;<\/a><\/p>\n","protected":false},"author":13,"featured_media":21261,"comment_status":"open","ping_status":"open","sticky":false,"template":"","format":"standard","meta":{"footnotes":""},"categories":[16,4],"tags":[],"class_list":["post-21260","post","type-post","status-publish","format-standard","has-post-thumbnail","hentry","category-comunicamos","category-noticias","xfolkentry"],"_links":{"self":[{"href":"https:\/\/www.ambienteyenergia.gob.ec\/ambiente\/wp-json\/wp\/v2\/posts\/21260","targetHints":{"allow":["GET"]}}],"collection":[{"href":"https:\/\/www.ambienteyenergia.gob.ec\/ambiente\/wp-json\/wp\/v2\/posts"}],"about":[{"href":"https:\/\/www.ambienteyenergia.gob.ec\/ambiente\/wp-json\/wp\/v2\/types\/post"}],"author":[{"embeddable":true,"href":"https:\/\/www.ambienteyenergia.gob.ec\/ambiente\/wp-json\/wp\/v2\/users\/13"}],"replies":[{"embeddable":true,"href":"https:\/\/www.ambienteyenergia.gob.ec\/ambiente\/wp-json\/wp\/v2\/comments?post=21260"}],"version-history":[{"count":0,"href":"https:\/\/www.ambienteyenergia.gob.ec\/ambiente\/wp-json\/wp\/v2\/posts\/21260\/revisions"}],"wp:featuredmedia":[{"embeddable":true,"href":"https:\/\/www.ambienteyenergia.gob.ec\/ambiente\/wp-json\/wp\/v2\/media\/21261"}],"wp:attachment":[{"href":"https:\/\/www.ambienteyenergia.gob.ec\/ambiente\/wp-json\/wp\/v2\/media?parent=21260"}],"wp:term":[{"taxonomy":"category","embeddable":true,"href":"https:\/\/www.ambienteyenergia.gob.ec\/ambiente\/wp-json\/wp\/v2\/categories?post=21260"},{"taxonomy":"post_tag","embeddable":true,"href":"https:\/\/www.ambienteyenergia.gob.ec\/ambiente\/wp-json\/wp\/v2\/tags?post=21260"}],"curies":[{"name":"wp","href":"https:\/\/api.w.org\/{rel}","templated":true}]}}