{"id":21250,"date":"2014-07-03T14:14:21","date_gmt":"2014-07-03T19:14:21","guid":{"rendered":"http:\/\/www.ambiente.gob.ec\/?p=21250"},"modified":"2014-07-03T14:22:15","modified_gmt":"2014-07-03T19:22:15","slug":"cocodrilo-de-la-costa-fue-rescatado-en-el-oro","status":"publish","type":"post","link":"https:\/\/www.ambienteyenergia.gob.ec\/ambiente\/cocodrilo-de-la-costa-fue-rescatado-en-el-oro\/","title":{"rendered":"Cocodrilo de la costa fue rescatado en El Oro"},"content":{"rendered":"<p style=\"text-align: justify;\">El Ministerio del Ambiente (MAE), a trav\u00e9s de la Direcci\u00f3n Provincial de El Oro y con el apoyo de la ciudadan\u00eda, logr\u00f3 rescatar a un cocodrilo de la costa <i>(Crocodylus acutus),<\/i><b><i> <\/i><\/b>que se encontraba en los alrededores del cant\u00f3n Arenillas.<\/p>\n<p style=\"text-align: justify;\">Luego de revisiones m\u00e9dicas, se comprob\u00f3 que su condici\u00f3n era estable, pero por precauci\u00f3n todav\u00eda se lo mantiene bajo los cuidados de t\u00e9cnicos del MAE, quienes velar\u00e1n por su salud, hasta poder trasladarlo a un Centro de Manejo de Vida Silvestre.<\/p>\n<p style=\"text-align: justify;\">El cocodrilo de la costa<b><i> <\/i><\/b>est\u00e1 en la Lista Roja de la Uni\u00f3n Internacional para la Conservaci\u00f3n de la Naturaleza\u00a0 (UICN por sus siglas en ingl\u00e9s) y es catalogado como Vulnerable en la Lista Roja Ecuador. Adem\u00e1s, en la Convenci\u00f3n sobre el Comercio Internacional de Especies Amenazadas de Fauna y Flora Silvestres (CITES) se encuentra en el ap\u00e9ndice I, que son aquellas especies que se encuentran en peligro de extinci\u00f3n y se restringe el comercio.<\/p>\n<p style=\"text-align: justify;\">El MAE despliega a nivel nacional m\u00faltiples eventos de educaci\u00f3n ambiental, trabajo comunitario y actividades de vinculaci\u00f3n social con la finalidad de educar a la poblaci\u00f3n en la responsabilidad del cuidado del planeta y la protecci\u00f3n de la vida silvestre.<\/p>\n<p style=\"text-align: justify;\">En ese sentido, esta Cartera de Estado, como principal autoridad ambiental del pa\u00eds, solicita a la poblaci\u00f3n que tenga animales de vida silvestre en cautiverio, los entregue de manera voluntaria o si conoce de alg\u00fan caso de tenencia ilegal de especies realice su denuncia en la Direcci\u00f3n Provincial del Ambiente de El Oro ubicado en las calles, Vela entre 25 de Junio y Sucre (Ex-Edificio de Predesur) 5to piso o al tel\u00e9fono 2934596, extensi\u00f3n 15.<\/p>\n<p style=\"text-align: justify;\">\n","protected":false},"excerpt":{"rendered":"<p class=\"excerpt\">El Ministerio del Ambiente (MAE), a trav\u00e9s de la Direcci\u00f3n Provincial de El Oro y con el apoyo de la ciudadan\u00eda, logr\u00f3 rescatar a un cocodrilo de la costa (Crocodylus acutus), que se encontraba en los alrededores del cant\u00f3n Arenillas. Luego de revisiones m\u00e9dicas, se comprob\u00f3 que su condici\u00f3n era estable, pero por precauci\u00f3n todav\u00eda se lo mantiene bajo los&hellip; <a href=\"https:\/\/www.ambienteyenergia.gob.ec\/ambiente\/cocodrilo-de-la-costa-fue-rescatado-en-el-oro\/\">Read more &rarr;<\/a><\/p>\n","protected":false},"author":13,"featured_media":21251,"comment_status":"open","ping_status":"open","sticky":false,"template":"","format":"standard","meta":{"footnotes":""},"categories":[16,4],"tags":[],"class_list":["post-21250","post","type-post","status-publish","format-standard","has-post-thumbnail","hentry","category-comunicamos","category-noticias","xfolkentry"],"_links":{"self":[{"href":"https:\/\/www.ambienteyenergia.gob.ec\/ambiente\/wp-json\/wp\/v2\/posts\/21250","targetHints":{"allow":["GET"]}}],"collection":[{"href":"https:\/\/www.ambienteyenergia.gob.ec\/ambiente\/wp-json\/wp\/v2\/posts"}],"about":[{"href":"https:\/\/www.ambienteyenergia.gob.ec\/ambiente\/wp-json\/wp\/v2\/types\/post"}],"author":[{"embeddable":true,"href":"https:\/\/www.ambienteyenergia.gob.ec\/ambiente\/wp-json\/wp\/v2\/users\/13"}],"replies":[{"embeddable":true,"href":"https:\/\/www.ambienteyenergia.gob.ec\/ambiente\/wp-json\/wp\/v2\/comments?post=21250"}],"version-history":[{"count":0,"href":"https:\/\/www.ambienteyenergia.gob.ec\/ambiente\/wp-json\/wp\/v2\/posts\/21250\/revisions"}],"wp:featuredmedia":[{"embeddable":true,"href":"https:\/\/www.ambienteyenergia.gob.ec\/ambiente\/wp-json\/wp\/v2\/media\/21251"}],"wp:attachment":[{"href":"https:\/\/www.ambienteyenergia.gob.ec\/ambiente\/wp-json\/wp\/v2\/media?parent=21250"}],"wp:term":[{"taxonomy":"category","embeddable":true,"href":"https:\/\/www.ambienteyenergia.gob.ec\/ambiente\/wp-json\/wp\/v2\/categories?post=21250"},{"taxonomy":"post_tag","embeddable":true,"href":"https:\/\/www.ambienteyenergia.gob.ec\/ambiente\/wp-json\/wp\/v2\/tags?post=21250"}],"curies":[{"name":"wp","href":"https:\/\/api.w.org\/{rel}","templated":true}]}}