{"id":21247,"date":"2014-07-03T14:17:01","date_gmt":"2014-07-03T19:17:01","guid":{"rendered":"http:\/\/www.ambiente.gob.ec\/?p=21247"},"modified":"2014-07-03T14:17:01","modified_gmt":"2014-07-03T19:17:01","slug":"mae-socializa-sobre-la-campana-de-contingencia-de-control-de-incendios-forestales-en-imbabura","status":"publish","type":"post","link":"https:\/\/www.ambienteyenergia.gob.ec\/ambiente\/mae-socializa-sobre-la-campana-de-contingencia-de-control-de-incendios-forestales-en-imbabura\/","title":{"rendered":"MAE socializa sobre la  Campa\u00f1a de Contingencia de Control de Incendios Forestales en Imbabura"},"content":{"rendered":"<p style=\"text-align: justify;\">El Ministerio del Ambiente de Ecuador (MAE), a trav\u00e9s de la Direcci\u00f3n Provincial del Ambiente de Imbabura DPAI, el pasado 02 de julio, realiz\u00f3 el evento de socializaci\u00f3n de la Campa\u00f1a de Contingencia de Control de Incendios forestales en las instalaciones del ECU 911, con la participaci\u00f3n de representantes de los GAD cantonales de la provincia, ECU 911, Cuerpo de Bomberos, Fuerzas Armadas, Cruz Roja, Ministerio de Salud, Ministerio de Educaci\u00f3n, Gobierno Provincial, Secretaria de Gesti\u00f3n de Riesgos, Senagua,\u00a0 Gobernaci\u00f3n y p\u00fablico en general.<\/p>\n<p style=\"text-align: justify;\">El objetivo de este encuentro fue el de socializar el Plan de Contingencia de Control de Incendios, con el fin de implementar medidas que permitan prevenir, mitigar y controlar los incendios que se agudizan en \u00e9poca de verano en todo el pa\u00eds, causando perjuicios a nivel social, econ\u00f3mico y ambiental.<\/p>\n<p style=\"text-align: justify;\">Las instituciones involucradas en esta iniciativa, impulsada por el MAE, asumieron varios compromisos de apoyo y coordinaci\u00f3n de acciones en cada uno de los territorios, facilitar recursos econ\u00f3micos y de talento humano e informaci\u00f3n por parte de las Carteras de Estado presentes, as\u00ed como tambi\u00e9n la difusi\u00f3n de la campa\u00f1a de incendios forestales que lidera la autoridad ambiental.<\/p>\n<p style=\"text-align: justify;\">Adem\u00e1s de esta reuni\u00f3n de trabajo, t\u00e9cnicos del Distrito Cuicocha de la Reserva Ecol\u00f3gica Cotacachi Cayapas (RECC) \u2013 Zona Alta, iniciaron la campa\u00f1a de prevenci\u00f3n de incendios forestales y control de uso de recursos, en las comunidades Morochos, Chilcapamba, San Pedro, Cercado, Colimbuela, Imantag, Morl\u00e1n, Pucalpa, Peribuela, La Carboner\u00eda, pertenecientes al cant\u00f3n Cotacachi.<\/p>\n<p style=\"text-align: justify;\">Esta campa\u00f1a se la realiz\u00f3 en las unidades educativas de estas comunidades, as\u00ed como tambi\u00e9n mediante visitas puerta a puerta, con el fin de dar a conocer las medidas de prevenci\u00f3n y control que se llevaran a cabo a nivel provincial y nacional.<\/p>\n<p style=\"text-align: justify;\">Con esta campa\u00f1a el MAE busca disminuir la incidencia de incendios a nivel local y nacional, con el fin de evitar los inconvenientes que esto puede ocasionar en la poblaci\u00f3n, as\u00ed como tambi\u00e9n la degradaci\u00f3n de nuestro patrimonio natural.<\/p>\n<p style=\"text-align: justify;\">\n","protected":false},"excerpt":{"rendered":"<p class=\"excerpt\">El Ministerio del Ambiente de Ecuador (MAE), a trav\u00e9s de la Direcci\u00f3n Provincial del Ambiente de Imbabura DPAI, el pasado 02 de julio, realiz\u00f3 el evento de socializaci\u00f3n de la Campa\u00f1a de Contingencia de Control de Incendios forestales en las instalaciones del ECU 911, con la participaci\u00f3n de representantes de los GAD cantonales de la provincia, ECU 911, Cuerpo de&hellip; <a href=\"https:\/\/www.ambienteyenergia.gob.ec\/ambiente\/mae-socializa-sobre-la-campana-de-contingencia-de-control-de-incendios-forestales-en-imbabura\/\">Read more &rarr;<\/a><\/p>\n","protected":false},"author":13,"featured_media":21248,"comment_status":"open","ping_status":"open","sticky":false,"template":"","format":"standard","meta":{"footnotes":""},"categories":[16,4],"tags":[],"class_list":["post-21247","post","type-post","status-publish","format-standard","has-post-thumbnail","hentry","category-comunicamos","category-noticias","xfolkentry"],"_links":{"self":[{"href":"https:\/\/www.ambienteyenergia.gob.ec\/ambiente\/wp-json\/wp\/v2\/posts\/21247","targetHints":{"allow":["GET"]}}],"collection":[{"href":"https:\/\/www.ambienteyenergia.gob.ec\/ambiente\/wp-json\/wp\/v2\/posts"}],"about":[{"href":"https:\/\/www.ambienteyenergia.gob.ec\/ambiente\/wp-json\/wp\/v2\/types\/post"}],"author":[{"embeddable":true,"href":"https:\/\/www.ambienteyenergia.gob.ec\/ambiente\/wp-json\/wp\/v2\/users\/13"}],"replies":[{"embeddable":true,"href":"https:\/\/www.ambienteyenergia.gob.ec\/ambiente\/wp-json\/wp\/v2\/comments?post=21247"}],"version-history":[{"count":0,"href":"https:\/\/www.ambienteyenergia.gob.ec\/ambiente\/wp-json\/wp\/v2\/posts\/21247\/revisions"}],"wp:featuredmedia":[{"embeddable":true,"href":"https:\/\/www.ambienteyenergia.gob.ec\/ambiente\/wp-json\/wp\/v2\/media\/21248"}],"wp:attachment":[{"href":"https:\/\/www.ambienteyenergia.gob.ec\/ambiente\/wp-json\/wp\/v2\/media?parent=21247"}],"wp:term":[{"taxonomy":"category","embeddable":true,"href":"https:\/\/www.ambienteyenergia.gob.ec\/ambiente\/wp-json\/wp\/v2\/categories?post=21247"},{"taxonomy":"post_tag","embeddable":true,"href":"https:\/\/www.ambienteyenergia.gob.ec\/ambiente\/wp-json\/wp\/v2\/tags?post=21247"}],"curies":[{"name":"wp","href":"https:\/\/api.w.org\/{rel}","templated":true}]}}