{"id":21244,"date":"2014-07-03T14:14:18","date_gmt":"2014-07-03T19:14:18","guid":{"rendered":"http:\/\/www.ambiente.gob.ec\/?p=21244"},"modified":"2014-07-03T14:14:18","modified_gmt":"2014-07-03T19:14:18","slug":"300-plantas-ornamentales-se-sembraron-en-una-jornada-de-reforestacion-en-imbabura","status":"publish","type":"post","link":"https:\/\/www.ambienteyenergia.gob.ec\/ambiente\/300-plantas-ornamentales-se-sembraron-en-una-jornada-de-reforestacion-en-imbabura\/","title":{"rendered":"300 plantas ornamentales se sembraron en una jornada de reforestaci\u00f3n en Imbabura"},"content":{"rendered":"<p style=\"text-align: justify;\">En el marco del Plan Nacional de Restauraci\u00f3n Forestal, el Ministerio del Ambiente (MAE), a trav\u00e9s de la Direcci\u00f3n Provincial de Imbabura y con el apoyo de voluntarios del Servicio Civil Ciudadano, realizaron una jornada de reforestaci\u00f3n en las instalaciones de la Unidad Educativa Fiscal Mixta Seis de Julio.<\/p>\n<p style=\"text-align: justify;\">\n<p style=\"text-align: justify;\">En esta actividad, que contempl\u00f3 adem\u00e1s la creaci\u00f3n de una jardinera, se sembraron 300 plantas ornamentales con el fin de involucrar a los estudiantes en la conservaci\u00f3n del patrimonio natural del pa\u00eds.<\/p>\n<p style=\"text-align: justify;\">\n<p style=\"text-align: justify;\">Guardaparques \u00a0de la Reserva Ecol\u00f3gica Cotacachi Cayapas \u2013 Zona Alta realizaron el dise\u00f1o y elaboraci\u00f3n de la jardinera, asimismo, ejecutaron las tareas de hoyado ense\u00f1ando a los estudiantes la forma adecuada de colocar la pl\u00e1ntula.<\/p>\n<p style=\"text-align: justify;\">\n<p style=\"text-align: justify;\">Esta actividad es parte de los proyectos de educaci\u00f3n ambiental, trabajo comunitario y actividades de vinculaci\u00f3n social que efect\u00faa esta Cartera de Estado, con la finalidad de educar a la poblaci\u00f3n en la responsabilidad de proteger los recursos naturales.<\/p>\n","protected":false},"excerpt":{"rendered":"<p class=\"excerpt\">En el marco del Plan Nacional de Restauraci\u00f3n Forestal, el Ministerio del Ambiente (MAE), a trav\u00e9s de la Direcci\u00f3n Provincial de Imbabura y con el apoyo de voluntarios del Servicio Civil Ciudadano, realizaron una jornada de reforestaci\u00f3n en las instalaciones de la Unidad Educativa Fiscal Mixta Seis de Julio. En esta actividad, que contempl\u00f3 adem\u00e1s la creaci\u00f3n de una jardinera,&hellip; <a href=\"https:\/\/www.ambienteyenergia.gob.ec\/ambiente\/300-plantas-ornamentales-se-sembraron-en-una-jornada-de-reforestacion-en-imbabura\/\">Read more &rarr;<\/a><\/p>\n","protected":false},"author":13,"featured_media":21245,"comment_status":"open","ping_status":"open","sticky":false,"template":"","format":"standard","meta":{"footnotes":""},"categories":[16,4],"tags":[],"class_list":["post-21244","post","type-post","status-publish","format-standard","has-post-thumbnail","hentry","category-comunicamos","category-noticias","xfolkentry"],"_links":{"self":[{"href":"https:\/\/www.ambienteyenergia.gob.ec\/ambiente\/wp-json\/wp\/v2\/posts\/21244","targetHints":{"allow":["GET"]}}],"collection":[{"href":"https:\/\/www.ambienteyenergia.gob.ec\/ambiente\/wp-json\/wp\/v2\/posts"}],"about":[{"href":"https:\/\/www.ambienteyenergia.gob.ec\/ambiente\/wp-json\/wp\/v2\/types\/post"}],"author":[{"embeddable":true,"href":"https:\/\/www.ambienteyenergia.gob.ec\/ambiente\/wp-json\/wp\/v2\/users\/13"}],"replies":[{"embeddable":true,"href":"https:\/\/www.ambienteyenergia.gob.ec\/ambiente\/wp-json\/wp\/v2\/comments?post=21244"}],"version-history":[{"count":0,"href":"https:\/\/www.ambienteyenergia.gob.ec\/ambiente\/wp-json\/wp\/v2\/posts\/21244\/revisions"}],"wp:featuredmedia":[{"embeddable":true,"href":"https:\/\/www.ambienteyenergia.gob.ec\/ambiente\/wp-json\/wp\/v2\/media\/21245"}],"wp:attachment":[{"href":"https:\/\/www.ambienteyenergia.gob.ec\/ambiente\/wp-json\/wp\/v2\/media?parent=21244"}],"wp:term":[{"taxonomy":"category","embeddable":true,"href":"https:\/\/www.ambienteyenergia.gob.ec\/ambiente\/wp-json\/wp\/v2\/categories?post=21244"},{"taxonomy":"post_tag","embeddable":true,"href":"https:\/\/www.ambienteyenergia.gob.ec\/ambiente\/wp-json\/wp\/v2\/tags?post=21244"}],"curies":[{"name":"wp","href":"https:\/\/api.w.org\/{rel}","templated":true}]}}