{"id":21238,"date":"2014-07-03T10:35:26","date_gmt":"2014-07-03T15:35:26","guid":{"rendered":"http:\/\/www.ambiente.gob.ec\/?p=21238"},"modified":"2014-07-03T10:35:26","modified_gmt":"2014-07-03T15:35:26","slug":"ministerio-del-ambiente-dicto-taller-de-formacion-para-gestores-del-agua-y-cambio-climatico-en-el-canton-pedro-moncayo","status":"publish","type":"post","link":"https:\/\/www.ambienteyenergia.gob.ec\/ambiente\/ministerio-del-ambiente-dicto-taller-de-formacion-para-gestores-del-agua-y-cambio-climatico-en-el-canton-pedro-moncayo\/","title":{"rendered":"Ministerio del Ambiente dict\u00f3 Taller de formaci\u00f3n para Gestores del agua y cambio clim\u00e1tico en el cant\u00f3n Pedro Moncayo"},"content":{"rendered":"<p lang=\"es-ES\" align=\"JUSTIFY\"><span style=\"color: #00000a;\">El Ministerio del Ambiente del Ecuador (MAE), a trav\u00e9s de la Subsecretar\u00eda de Cambio Clim\u00e1tico y su Proyecto de Adaptaci\u00f3n al Cambio Clim\u00e1tico, por medio de una efectiva gobernabilidad del agua en el Ecuador (PACC) promueve el fortalecimiento de capacidades para la adecuada gesti\u00f3n del agua como medida de adaptaci\u00f3n frente a los efectos del cambio clim\u00e1tico.<\/span><\/p>\n<p lang=\"es-ES\" align=\"JUSTIFY\"><span style=\"color: #00000a;\">Con la finalidad de promover una gesti\u00f3n conjunta en beneficio de las comunidades en situaci\u00f3n vulnerable ante los fen\u00f3menos clim\u00e1ticos, el MAE y la Direcci\u00f3n de Cultura y Participaci\u00f3n Social de Agua de la Secretar\u00eda Nacional del Agua (SENAGUA), han programado una serie de talleres de socializaci\u00f3n de la nueva cultura del agua, dirigido a los miembros de las juntas administradoras de agua, con el fin de que se repliquen los conocimientos adquiridos a los usuarios de los sistemas de agua potable de sus respectivas comunidades.<\/span><\/p>\n<p lang=\"es-ES\" align=\"JUSTIFY\"><span style=\"color: #00000a;\">Los asistentes al taller se capacitaron en temas sobre la cultura del agua y el cambio clim\u00e1tico, con el compromiso de aplicar los conocimientos adquiridos en sus demarcaciones.<\/span><\/p>\n<p lang=\"es-ES\" align=\"JUSTIFY\"><span style=\"color: #00000a;\">Fueron parte del taller: t\u00e9cnicos de la Secretar\u00eda Nacional del Agua (SENAGUA), gestores ambientales de la Armada del Ecuador (DIGEIM) y funcionarios del proyecto PACC.<\/span><\/p>\n","protected":false},"excerpt":{"rendered":"<p class=\"excerpt\">El Ministerio del Ambiente del Ecuador (MAE), a trav\u00e9s de la Subsecretar\u00eda de Cambio Clim\u00e1tico y su Proyecto de Adaptaci\u00f3n al Cambio Clim\u00e1tico, por medio de una efectiva gobernabilidad del agua en el Ecuador (PACC) promueve el fortalecimiento de capacidades para la adecuada gesti\u00f3n del agua como medida de adaptaci\u00f3n frente a los efectos del cambio clim\u00e1tico. Con la finalidad&hellip; <a href=\"https:\/\/www.ambienteyenergia.gob.ec\/ambiente\/ministerio-del-ambiente-dicto-taller-de-formacion-para-gestores-del-agua-y-cambio-climatico-en-el-canton-pedro-moncayo\/\">Read more &rarr;<\/a><\/p>\n","protected":false},"author":13,"featured_media":21239,"comment_status":"open","ping_status":"open","sticky":false,"template":"","format":"standard","meta":{"footnotes":""},"categories":[16,4],"tags":[],"class_list":["post-21238","post","type-post","status-publish","format-standard","has-post-thumbnail","hentry","category-comunicamos","category-noticias","xfolkentry"],"_links":{"self":[{"href":"https:\/\/www.ambienteyenergia.gob.ec\/ambiente\/wp-json\/wp\/v2\/posts\/21238","targetHints":{"allow":["GET"]}}],"collection":[{"href":"https:\/\/www.ambienteyenergia.gob.ec\/ambiente\/wp-json\/wp\/v2\/posts"}],"about":[{"href":"https:\/\/www.ambienteyenergia.gob.ec\/ambiente\/wp-json\/wp\/v2\/types\/post"}],"author":[{"embeddable":true,"href":"https:\/\/www.ambienteyenergia.gob.ec\/ambiente\/wp-json\/wp\/v2\/users\/13"}],"replies":[{"embeddable":true,"href":"https:\/\/www.ambienteyenergia.gob.ec\/ambiente\/wp-json\/wp\/v2\/comments?post=21238"}],"version-history":[{"count":0,"href":"https:\/\/www.ambienteyenergia.gob.ec\/ambiente\/wp-json\/wp\/v2\/posts\/21238\/revisions"}],"wp:featuredmedia":[{"embeddable":true,"href":"https:\/\/www.ambienteyenergia.gob.ec\/ambiente\/wp-json\/wp\/v2\/media\/21239"}],"wp:attachment":[{"href":"https:\/\/www.ambienteyenergia.gob.ec\/ambiente\/wp-json\/wp\/v2\/media?parent=21238"}],"wp:term":[{"taxonomy":"category","embeddable":true,"href":"https:\/\/www.ambienteyenergia.gob.ec\/ambiente\/wp-json\/wp\/v2\/categories?post=21238"},{"taxonomy":"post_tag","embeddable":true,"href":"https:\/\/www.ambienteyenergia.gob.ec\/ambiente\/wp-json\/wp\/v2\/tags?post=21238"}],"curies":[{"name":"wp","href":"https:\/\/api.w.org\/{rel}","templated":true}]}}