{"id":21233,"date":"2014-07-03T10:22:21","date_gmt":"2014-07-03T15:22:21","guid":{"rendered":"http:\/\/www.ambiente.gob.ec\/?p=21233"},"modified":"2014-07-03T10:22:21","modified_gmt":"2014-07-03T15:22:21","slug":"mae-y-estudiantes-de-riobamba-recolectaron-120-kg-de-residuos-en-jornada-de-limpieza","status":"publish","type":"post","link":"https:\/\/www.ambienteyenergia.gob.ec\/ambiente\/mae-y-estudiantes-de-riobamba-recolectaron-120-kg-de-residuos-en-jornada-de-limpieza\/","title":{"rendered":"MAE y estudiantes de Riobamba recolectaron 120 kg de residuos en jornada de limpieza"},"content":{"rendered":"<p style=\"text-align: justify;\">El Ministerio del Ambiente (MAE) y la Unidad Educativa Capit\u00e1n Edmundo Chiriboga de la ciudad de Riobamba desarrollaron una jornada de limpieza en la Reserva de Producci\u00f3n de Fauna Chimborazo. El objetivo de la actividad fue vincular a los estudiantes en iniciativas pr\u00e1cticas sobre la gesti\u00f3n responsable de desechos en las \u00e1reas naturales.<\/p>\n<p style=\"text-align: justify;\">\n<p style=\"text-align: justify;\">Durante dos horas, 27 estudiantes de la Unidad Educativa Chiriboga, siete j\u00f3venes del Proyecto Servicio Civil Ciudadano y varios funcionarios del MAE se distribuyeron en las principales v\u00edas de acceso de la Reserva Chimborazo para recolectar los desechos que se encontraban en el lugar. La actividad se extendi\u00f3 a Casa C\u00f3ndor, R\u00edo Colorado y la Cruz del Arenal.<\/p>\n<p style=\"text-align: justify;\">\n<p style=\"text-align: justify;\">Los estudiantes recolectaron 120 kg de desechos, entre objetos de pl\u00e1stico, cart\u00f3n, vidrio y caucho, los mismos que causan un impacto negativo en el ambiente.<\/p>\n<p style=\"text-align: justify;\">\n<p style=\"text-align: justify;\">Cabe indicar que la Unidad Educativa Chiriboga ha participado previamente en las diferentes actividades organizadas por el\u00a0 MAE, mostrando inter\u00e9s y compromiso ciudadano por conservar los recursos naturales de la provincia.<\/p>\n<p style=\"text-align: justify;\">\n<p style=\"text-align: justify;\">El trabajo constante del MAE es involucrar a la colectividad en la gesti\u00f3n ambiental, es por eso que se invita a los diferentes establecimientos educativos a formar parte de esta iniciativa para el buen vivir de todas y todos.<\/p>\n","protected":false},"excerpt":{"rendered":"<p class=\"excerpt\">El Ministerio del Ambiente (MAE) y la Unidad Educativa Capit\u00e1n Edmundo Chiriboga de la ciudad de Riobamba desarrollaron una jornada de limpieza en la Reserva de Producci\u00f3n de Fauna Chimborazo. El objetivo de la actividad fue vincular a los estudiantes en iniciativas pr\u00e1cticas sobre la gesti\u00f3n responsable de desechos en las \u00e1reas naturales. Durante dos horas, 27 estudiantes de la&hellip; <a href=\"https:\/\/www.ambienteyenergia.gob.ec\/ambiente\/mae-y-estudiantes-de-riobamba-recolectaron-120-kg-de-residuos-en-jornada-de-limpieza\/\">Read more &rarr;<\/a><\/p>\n","protected":false},"author":13,"featured_media":21235,"comment_status":"open","ping_status":"open","sticky":false,"template":"","format":"standard","meta":{"footnotes":""},"categories":[16,4],"tags":[],"class_list":["post-21233","post","type-post","status-publish","format-standard","has-post-thumbnail","hentry","category-comunicamos","category-noticias","xfolkentry"],"_links":{"self":[{"href":"https:\/\/www.ambienteyenergia.gob.ec\/ambiente\/wp-json\/wp\/v2\/posts\/21233","targetHints":{"allow":["GET"]}}],"collection":[{"href":"https:\/\/www.ambienteyenergia.gob.ec\/ambiente\/wp-json\/wp\/v2\/posts"}],"about":[{"href":"https:\/\/www.ambienteyenergia.gob.ec\/ambiente\/wp-json\/wp\/v2\/types\/post"}],"author":[{"embeddable":true,"href":"https:\/\/www.ambienteyenergia.gob.ec\/ambiente\/wp-json\/wp\/v2\/users\/13"}],"replies":[{"embeddable":true,"href":"https:\/\/www.ambienteyenergia.gob.ec\/ambiente\/wp-json\/wp\/v2\/comments?post=21233"}],"version-history":[{"count":0,"href":"https:\/\/www.ambienteyenergia.gob.ec\/ambiente\/wp-json\/wp\/v2\/posts\/21233\/revisions"}],"wp:featuredmedia":[{"embeddable":true,"href":"https:\/\/www.ambienteyenergia.gob.ec\/ambiente\/wp-json\/wp\/v2\/media\/21235"}],"wp:attachment":[{"href":"https:\/\/www.ambienteyenergia.gob.ec\/ambiente\/wp-json\/wp\/v2\/media?parent=21233"}],"wp:term":[{"taxonomy":"category","embeddable":true,"href":"https:\/\/www.ambienteyenergia.gob.ec\/ambiente\/wp-json\/wp\/v2\/categories?post=21233"},{"taxonomy":"post_tag","embeddable":true,"href":"https:\/\/www.ambienteyenergia.gob.ec\/ambiente\/wp-json\/wp\/v2\/tags?post=21233"}],"curies":[{"name":"wp","href":"https:\/\/api.w.org\/{rel}","templated":true}]}}