{"id":21228,"date":"2014-07-02T16:16:50","date_gmt":"2014-07-02T21:16:50","guid":{"rendered":"http:\/\/www.ambiente.gob.ec\/?p=21228"},"modified":"2014-07-02T16:16:50","modified_gmt":"2014-07-02T21:16:50","slug":"mae-inicia-ecotalleres-de-formacion-de-promotores-ambientales-comunitarios-en-san-lucas-loja","status":"publish","type":"post","link":"https:\/\/www.ambienteyenergia.gob.ec\/ambiente\/mae-inicia-ecotalleres-de-formacion-de-promotores-ambientales-comunitarios-en-san-lucas-loja\/","title":{"rendered":"MAE inicia Ecotalleres de formaci\u00f3n de promotores ambientales comunitarios en San Lucas, Loja"},"content":{"rendered":"<p style=\"text-align: justify;\">La Direcci\u00f3n Provincial del Ambiente de Loja, en coordinaci\u00f3n con el GAD parroquial de San Lucas, inaugur\u00f3 el pasado 30 de junio el ECOTALLER, para formar Promotores Ambientales Comunitarios, con la participaci\u00f3n de 54 l\u00edderes comunitarios.<\/p>\n<p style=\"text-align: justify;\">Esta iniciativa impulsada por el Ministerio del Ambiente de Ecuador (MAE) tienen como escenario de acci\u00f3n las parroquias rurales de todo el pa\u00eds y como protagonistas a los l\u00edderes ambientales que viven en esas zonas. Ellos son los primeros en enfrentar los problemas socioambientales que se presentan en sus sectores y que tienen un impacto directo en la salud, alimentaci\u00f3n, actividades productivas, y en definitiva, en la calidad de vida de sus comunidades.<\/p>\n<p style=\"text-align: justify;\">Los participantes recibir\u00e1n una capacitaci\u00f3n de 80 horas : 60 te\u00f3ricas y 20 pr\u00e1cticas en temas tales como Gesti\u00f3n Ambiental, Desarrollo Sostenible, Problemas Ambientales, Educaci\u00f3n Ambiental Comunitaria, entre otros.<\/p>\n<p style=\"text-align: justify;\">Las jornadas educativas se desarrollan de lunes a viernes en el horario de 16h00 a 20h00 y el d\u00eda s\u00e1bado con una jornada especial. Funcionarios del MAE en Loja, adem\u00e1s de representantes de otras instituciones involucradas, imparten esta capacitaci\u00f3n en las instalaciones del Colegio Mushuk Rimak, en la parroquia San Lucas.<\/p>\n<p style=\"text-align: justify;\">Los nuevos promotores ambientales comunitarios ser\u00e1n los encargados de aplicar los conocimientos adquiridos en sus respectivas comunidades y proponer alternativas pr\u00e1cticas de prevenci\u00f3n, remediaci\u00f3n y mitigaci\u00f3n de los da\u00f1os ambientales y as\u00ed contribuir a la conservaci\u00f3n\u00a0 de un ambiente sano, libre de contaminaci\u00f3n y sustentable de los recursos naturales.<\/p>\n","protected":false},"excerpt":{"rendered":"<p class=\"excerpt\">La Direcci\u00f3n Provincial del Ambiente de Loja, en coordinaci\u00f3n con el GAD parroquial de San Lucas, inaugur\u00f3 el pasado 30 de junio el ECOTALLER, para formar Promotores Ambientales Comunitarios, con la participaci\u00f3n de 54 l\u00edderes comunitarios. Esta iniciativa impulsada por el Ministerio del Ambiente de Ecuador (MAE) tienen como escenario de acci\u00f3n las parroquias rurales de todo el pa\u00eds y&hellip; <a href=\"https:\/\/www.ambienteyenergia.gob.ec\/ambiente\/mae-inicia-ecotalleres-de-formacion-de-promotores-ambientales-comunitarios-en-san-lucas-loja\/\">Read more &rarr;<\/a><\/p>\n","protected":false},"author":13,"featured_media":21229,"comment_status":"open","ping_status":"open","sticky":false,"template":"","format":"standard","meta":{"footnotes":""},"categories":[16,4],"tags":[246,221,108,53],"class_list":["post-21228","post","type-post","status-publish","format-standard","has-post-thumbnail","hentry","category-comunicamos","category-noticias","tag-ecotalleres","tag-loja","tag-lorena-tapia","tag-mae","xfolkentry"],"_links":{"self":[{"href":"https:\/\/www.ambienteyenergia.gob.ec\/ambiente\/wp-json\/wp\/v2\/posts\/21228","targetHints":{"allow":["GET"]}}],"collection":[{"href":"https:\/\/www.ambienteyenergia.gob.ec\/ambiente\/wp-json\/wp\/v2\/posts"}],"about":[{"href":"https:\/\/www.ambienteyenergia.gob.ec\/ambiente\/wp-json\/wp\/v2\/types\/post"}],"author":[{"embeddable":true,"href":"https:\/\/www.ambienteyenergia.gob.ec\/ambiente\/wp-json\/wp\/v2\/users\/13"}],"replies":[{"embeddable":true,"href":"https:\/\/www.ambienteyenergia.gob.ec\/ambiente\/wp-json\/wp\/v2\/comments?post=21228"}],"version-history":[{"count":0,"href":"https:\/\/www.ambienteyenergia.gob.ec\/ambiente\/wp-json\/wp\/v2\/posts\/21228\/revisions"}],"wp:featuredmedia":[{"embeddable":true,"href":"https:\/\/www.ambienteyenergia.gob.ec\/ambiente\/wp-json\/wp\/v2\/media\/21229"}],"wp:attachment":[{"href":"https:\/\/www.ambienteyenergia.gob.ec\/ambiente\/wp-json\/wp\/v2\/media?parent=21228"}],"wp:term":[{"taxonomy":"category","embeddable":true,"href":"https:\/\/www.ambienteyenergia.gob.ec\/ambiente\/wp-json\/wp\/v2\/categories?post=21228"},{"taxonomy":"post_tag","embeddable":true,"href":"https:\/\/www.ambienteyenergia.gob.ec\/ambiente\/wp-json\/wp\/v2\/tags?post=21228"}],"curies":[{"name":"wp","href":"https:\/\/api.w.org\/{rel}","templated":true}]}}