{"id":21213,"date":"2014-07-02T09:29:51","date_gmt":"2014-07-02T14:29:51","guid":{"rendered":"http:\/\/www.ambiente.gob.ec\/?p=21213"},"modified":"2014-07-02T09:29:51","modified_gmt":"2014-07-02T14:29:51","slug":"mae-socializo-el-plan-nacional-de-restauracion-forestal-con-los-gad-de-bolivar","status":"publish","type":"post","link":"https:\/\/www.ambienteyenergia.gob.ec\/ambiente\/mae-socializo-el-plan-nacional-de-restauracion-forestal-con-los-gad-de-bolivar\/","title":{"rendered":"MAE socializ\u00f3 el Plan Nacional de Restauraci\u00f3n Forestal con los GAD de Bol\u00edvar"},"content":{"rendered":"<p style=\"text-align: justify;\">El Ministerio del Ambiente (MAE) socializ\u00f3 el Plan Nacional de Restauraci\u00f3n Forestal con alrededor de 21 representantes de los Gobiernos Aut\u00f3nomos Descentralizados parroquiales y cantonales de la provincia de Bol\u00edvar.<\/p>\n<p style=\"text-align: justify;\">En la jornada de trabajo se puntualiz\u00f3 sobre temas de restauraci\u00f3n, ecosistema y paisaje natural, patrimonio natural que se ha deteriorado a causa de la deforestaci\u00f3n. Asimismo, esta Cartera de Estado, socializ\u00f3 sobre las diferentes iniciativas que se llevan a cabo a nivel nacional, con el objetivo de contrarrestar la degradaci\u00f3n ambiental a causa de la tala indiscriminada de material forestal.<\/p>\n<p style=\"text-align: justify;\">El MAE como principal autoridad ambiental asumi\u00f3 la responsabilidad y el compromiso de implementar un proceso que permita, mediante la Restauraci\u00f3n Forestal, recuperar la funcionalidad de los ecosistemas para mejorar la calidad de vida de la gente, el fortalecimiento del desarrollo humano y econ\u00f3mico, y la integraci\u00f3n territorial.<\/p>\n<p style=\"text-align: justify;\">Al final del taller la mayor\u00eda de los asistentes se comprometieron en participar en el Plan Nacional de Restauraci\u00f3n Forestal con sus predios.<\/p>\n<p style=\"text-align: justify;\">\n<p style=\"text-align: justify;\">\n","protected":false},"excerpt":{"rendered":"<p class=\"excerpt\">El Ministerio del Ambiente (MAE) socializ\u00f3 el Plan Nacional de Restauraci\u00f3n Forestal con alrededor de 21 representantes de los Gobiernos Aut\u00f3nomos Descentralizados parroquiales y cantonales de la provincia de Bol\u00edvar. En la jornada de trabajo se puntualiz\u00f3 sobre temas de restauraci\u00f3n, ecosistema y paisaje natural, patrimonio natural que se ha deteriorado a causa de la deforestaci\u00f3n. Asimismo, esta Cartera de&hellip; <a href=\"https:\/\/www.ambienteyenergia.gob.ec\/ambiente\/mae-socializo-el-plan-nacional-de-restauracion-forestal-con-los-gad-de-bolivar\/\">Read more &rarr;<\/a><\/p>\n","protected":false},"author":13,"featured_media":21214,"comment_status":"open","ping_status":"open","sticky":false,"template":"","format":"standard","meta":{"footnotes":""},"categories":[16,4],"tags":[],"class_list":["post-21213","post","type-post","status-publish","format-standard","has-post-thumbnail","hentry","category-comunicamos","category-noticias","xfolkentry"],"_links":{"self":[{"href":"https:\/\/www.ambienteyenergia.gob.ec\/ambiente\/wp-json\/wp\/v2\/posts\/21213","targetHints":{"allow":["GET"]}}],"collection":[{"href":"https:\/\/www.ambienteyenergia.gob.ec\/ambiente\/wp-json\/wp\/v2\/posts"}],"about":[{"href":"https:\/\/www.ambienteyenergia.gob.ec\/ambiente\/wp-json\/wp\/v2\/types\/post"}],"author":[{"embeddable":true,"href":"https:\/\/www.ambienteyenergia.gob.ec\/ambiente\/wp-json\/wp\/v2\/users\/13"}],"replies":[{"embeddable":true,"href":"https:\/\/www.ambienteyenergia.gob.ec\/ambiente\/wp-json\/wp\/v2\/comments?post=21213"}],"version-history":[{"count":0,"href":"https:\/\/www.ambienteyenergia.gob.ec\/ambiente\/wp-json\/wp\/v2\/posts\/21213\/revisions"}],"wp:featuredmedia":[{"embeddable":true,"href":"https:\/\/www.ambienteyenergia.gob.ec\/ambiente\/wp-json\/wp\/v2\/media\/21214"}],"wp:attachment":[{"href":"https:\/\/www.ambienteyenergia.gob.ec\/ambiente\/wp-json\/wp\/v2\/media?parent=21213"}],"wp:term":[{"taxonomy":"category","embeddable":true,"href":"https:\/\/www.ambienteyenergia.gob.ec\/ambiente\/wp-json\/wp\/v2\/categories?post=21213"},{"taxonomy":"post_tag","embeddable":true,"href":"https:\/\/www.ambienteyenergia.gob.ec\/ambiente\/wp-json\/wp\/v2\/tags?post=21213"}],"curies":[{"name":"wp","href":"https:\/\/api.w.org\/{rel}","templated":true}]}}