{"id":21208,"date":"2014-07-01T16:58:26","date_gmt":"2014-07-01T21:58:26","guid":{"rendered":"http:\/\/www.ambiente.gob.ec\/?p=21208"},"modified":"2014-07-01T16:58:26","modified_gmt":"2014-07-01T21:58:26","slug":"mae-aprueba-primera-fase-para-el-proceso-de-indemnizaciones-a-los-pescadores-afectados-por-el-derrame-de-hidrocarburo","status":"publish","type":"post","link":"https:\/\/www.ambienteyenergia.gob.ec\/ambiente\/mae-aprueba-primera-fase-para-el-proceso-de-indemnizaciones-a-los-pescadores-afectados-por-el-derrame-de-hidrocarburo\/","title":{"rendered":"MAE aprueba primera fase para el proceso de indemnizaciones a los pescadores afectados por el derrame de hidrocarburo"},"content":{"rendered":"<p style=\"text-align: justify;\">En cumplimiento de los compromisos asumidos por parte de EP Petroecuador, para indemnizar a los pescadores afectados por el derrame de hidrocarburo, en la zona de Balao, provincia de Esmeraldas, el pasado 10 de junio. El Ministerio del Ambiente (MAE), a trav\u00e9s de la Direcci\u00f3n Provincial del Ambiente de Esmeraldas,\u00a0 realiz\u00f3 una reuni\u00f3n de trabajo con el fin de tratar los mecanismos de cumplimiento para esta primera fase de indemnizaci\u00f3n.<\/p>\n<p style=\"text-align: justify;\">\n<p style=\"text-align: justify;\">A este jornada de trabajo asistieron funcionario del MAE y del Proyecto de Reparaci\u00f3n Ambiental y Social (PRAS), adem\u00e1s de representantes de la Gobernaci\u00f3n de Esmeraldas, Vicepresidencia de la Rep\u00fablica, Ministerio Coordinador de Sectores Estrat\u00e9gicos, Ministerio de Recursos Naturales No Renovables, Capitan\u00eda del Puerto de Esmeraldas y afectados por el derrame de hidrocarburo.<\/p>\n<p style=\"text-align: justify;\">\n<p style=\"text-align: justify;\">Esta Cartera de Estado, por medio del PRAS, luego de la revisi\u00f3n y an\u00e1lisis de la documentaci\u00f3n presentada por EP Petroecuador, aprob\u00f3 la primera fase de las indemnizaciones a los pescadores de la provincia de Esmeraldas.<\/p>\n<p style=\"text-align: justify;\">\nLa Autoridad Ambiental present\u00f3 el listado de los propietarios de las embarcaciones afectadas, que van a ser beneficiados en la primera fase del proceso de indemnizaci\u00f3n, que son los que cuentan con toda la documentaci\u00f3n en regla. EP Petroecuador procedi\u00f3 a solicitar los documentos a los due\u00f1os de las embarcaciones para proceder a realizar las actas y las respectivas \u00f3rdenes de pago.<\/p>\n<p style=\"text-align: justify;\">\nEs importante se\u00f1alar, que por cada embarcaci\u00f3n, se indemniza por lucro cesante a los tripulantes (3 o 4 personas) que dependen de esa embarcaci\u00f3n.<\/p>\n<p style=\"text-align: justify;\">\nLos propietarios de embarcaciones que no tienen completa la documentaci\u00f3n, en el lapso de 5 d\u00edas deben entregar a EP Petroecuador la documentaci\u00f3n restante, para proceder con el proceso de revisi\u00f3n y aprobaci\u00f3n por parte del Ministerio del Ambiente &#8211; PRAS.<\/p>\n<p style=\"text-align: justify;\">\n","protected":false},"excerpt":{"rendered":"<p class=\"excerpt\">En cumplimiento de los compromisos asumidos por parte de EP Petroecuador, para indemnizar a los pescadores afectados por el derrame de hidrocarburo, en la zona de Balao, provincia de Esmeraldas, el pasado 10 de junio. El Ministerio del Ambiente (MAE), a trav\u00e9s de la Direcci\u00f3n Provincial del Ambiente de Esmeraldas,\u00a0 realiz\u00f3 una reuni\u00f3n de trabajo con el fin de tratar&hellip; <a href=\"https:\/\/www.ambienteyenergia.gob.ec\/ambiente\/mae-aprueba-primera-fase-para-el-proceso-de-indemnizaciones-a-los-pescadores-afectados-por-el-derrame-de-hidrocarburo\/\">Read more &rarr;<\/a><\/p>\n","protected":false},"author":13,"featured_media":21209,"comment_status":"open","ping_status":"open","sticky":false,"template":"","format":"standard","meta":{"footnotes":""},"categories":[16,4],"tags":[],"class_list":["post-21208","post","type-post","status-publish","format-standard","has-post-thumbnail","hentry","category-comunicamos","category-noticias","xfolkentry"],"_links":{"self":[{"href":"https:\/\/www.ambienteyenergia.gob.ec\/ambiente\/wp-json\/wp\/v2\/posts\/21208","targetHints":{"allow":["GET"]}}],"collection":[{"href":"https:\/\/www.ambienteyenergia.gob.ec\/ambiente\/wp-json\/wp\/v2\/posts"}],"about":[{"href":"https:\/\/www.ambienteyenergia.gob.ec\/ambiente\/wp-json\/wp\/v2\/types\/post"}],"author":[{"embeddable":true,"href":"https:\/\/www.ambienteyenergia.gob.ec\/ambiente\/wp-json\/wp\/v2\/users\/13"}],"replies":[{"embeddable":true,"href":"https:\/\/www.ambienteyenergia.gob.ec\/ambiente\/wp-json\/wp\/v2\/comments?post=21208"}],"version-history":[{"count":0,"href":"https:\/\/www.ambienteyenergia.gob.ec\/ambiente\/wp-json\/wp\/v2\/posts\/21208\/revisions"}],"wp:featuredmedia":[{"embeddable":true,"href":"https:\/\/www.ambienteyenergia.gob.ec\/ambiente\/wp-json\/wp\/v2\/media\/21209"}],"wp:attachment":[{"href":"https:\/\/www.ambienteyenergia.gob.ec\/ambiente\/wp-json\/wp\/v2\/media?parent=21208"}],"wp:term":[{"taxonomy":"category","embeddable":true,"href":"https:\/\/www.ambienteyenergia.gob.ec\/ambiente\/wp-json\/wp\/v2\/categories?post=21208"},{"taxonomy":"post_tag","embeddable":true,"href":"https:\/\/www.ambienteyenergia.gob.ec\/ambiente\/wp-json\/wp\/v2\/tags?post=21208"}],"curies":[{"name":"wp","href":"https:\/\/api.w.org\/{rel}","templated":true}]}}