{"id":21205,"date":"2014-07-01T16:50:43","date_gmt":"2014-07-01T21:50:43","guid":{"rendered":"http:\/\/www.ambiente.gob.ec\/?p=21205"},"modified":"2014-07-02T09:37:23","modified_gmt":"2014-07-02T14:37:23","slug":"el-condor-quipo-es-el-tercer-ejemplar-en-ser-liberado-con-rastreador-satelital","status":"publish","type":"post","link":"https:\/\/www.ambienteyenergia.gob.ec\/ambiente\/el-condor-quipo-es-el-tercer-ejemplar-en-ser-liberado-con-rastreador-satelital\/","title":{"rendered":"El c\u00f3ndor &#8216;Quipo&#8217; es el tercer ejemplar en ser liberado con rastreador satelital"},"content":{"rendered":"<p style=\"text-align: justify;\">El c\u00f3ndor juvenil &#8216;Quipo&#8217;, rescatado el pasado 15 de mayo en la provincia del Napo, fue liberado hoy en la Reserva Biol\u00f3gica Antisanilla, ubicada en las laderas occidentales del volc\u00e1n Antisana. El ejemplar es el tercer esp\u00e9cimen de su tipo en ser devuelto a su h\u00e1bitat natural con un rastreador satelital, bandas alares y un microchip de identificaci\u00f3n, dispositivos que permitir\u00e1n hacer un seguimiento y monitoreo de sus rutas de vuelo y desplazamiento.<\/p>\n<p style=\"text-align: justify;\">Francisco Prieto, Director Nacional de Biodiversidad del MAE, reiter\u00f3 que esta iniciativa no solo radica en una especie, sino en todas las especies silvestres que tiene el Ecuador. \u00abEl c\u00f3ndor andino es una de las especies m\u00e1s importantes del pa\u00eds y por ello hemos conformado un grupo nacional de trabajo que involucra a diferentes instituciones que tienen trayectoria en diferentes campos como monitoreo biol\u00f3gico, educaci\u00f3n ambiental, manejo in situ y ex situ\u00bb.<\/p>\n<p style=\"text-align: justify;\">El sitio de liberaci\u00f3n fue escogido bajo criterios t\u00e9cnicos que se\u00f1alaban a la reserva como su posible hogar. Adem\u00e1s, en este lugar hay fuertes corrientes de aire, lo que le ayudar\u00e1n a elevarse y mantener el vuelo. Pero, sin duda, un factor clave para reinsertarlo en la Reserva Biol\u00f3gica Antisanilla, ubicada en la zona de amortiguamiento de la Reserva Ecol\u00f3gica Antisana, \u00a0es que se ha observado la presencia de m\u00e1s c\u00f3ndores.<\/p>\n<p>Hace 46 d\u00edas, la emblem\u00e1tica ave fue hallada mojada, d\u00e9bil y sin poder emprender vuelo a cuatro kil\u00f3metros de la carretera Baeza &#8211; Tena, en el cant\u00f3n Quijos. Marcelo Quipo fue el ciudadano que lo rescat\u00f3 y dio aviso al Ministerio del Ambiente, que inmediatamente tom\u00f3 acciones con el apoyo de la Universidad San Francisco de Quito y miembros del Grupo Nacional del C\u00f3ndor Andino. Luego de un primer diagn\u00f3stico, se determin\u00f3 que el ave no ten\u00eda ninguna fractura en sus huesos por lo que fue trasladado al Centro de Rescate Ilitio para su recuperaci\u00f3n y posterior liberaci\u00f3n.<\/p>\n<p>Andr\u00e9s Ortega, veterinario de la Universidad San Francisco de Quito, explic\u00f3 que el c\u00f3ndor juvenil fue encontrado en una situaci\u00f3n relativamente buena. \u00abCreemos que &#8216;Quipo&#8217; tiene alrededor de un a\u00f1o tres meses, es un pich\u00f3n muy joven y seg\u00fan los rasgos del rostro, pico y cresta, estamos casi seguros que se trata de un pich\u00f3n que naci\u00f3 en el Pe\u00f1\u00f3n del C\u00f3ndor. Actualmente pesa 11 kilos, es un c\u00f3ndor de envergadura muy grande, tiene aproximadamente 3,50 m de un extremo de su ala al otro\u00bb<\/p>\n<p><span style=\"text-align: justify;\">En el evento de liberaci\u00f3n participaron tambi\u00e9n funcionarios del Ministerio del Ambiente, estudiantes de veterinaria y pobladores de las comunidades cercanas, quienes ratificaron su compromiso para ayudar en la conservaci\u00f3n del c\u00f3ndor &#8216;Quipo&#8217;.<\/span><\/p>\n<p style=\"text-align: justify;\">\u00abMe pareci\u00f3 muy interesante esta iniciativa de la liberaci\u00f3n del c\u00f3ndor, por el hecho de que es una especie emblem\u00e1tica para el Ecuador, \u00a0debemos todos apoyar para su conservaci\u00f3n. Me parece excelente que el Ministerio del Ambiente se encargue de este tipo de proyectos de conservaci\u00f3n\u00bb, expres\u00f3 Andr\u00e9 Zambrano, estudiante de veterinaria de la Universidad San Francisco de Quito.<\/p>\n<p style=\"text-align: justify;\">Antes de devolver a &#8216;Quipo&#8217; a su h\u00e1bitat natural se le realiz\u00f3 un \u00faltimo chequeo a trav\u00e9s del cual se reafirm\u00f3 su excelente estado de salud, su capacidad de vuelo y su habilidad para desgarrar la carro\u00f1a suministrada, par\u00e1metros necesarios para su reinserci\u00f3n.<\/p>\n<p style=\"text-align: justify;\">Seg\u00fan Hern\u00e1n Vargas, representante de la ONG Fondo Peregrino, el protocolo de liberaci\u00f3n incluye toda una preparaci\u00f3n del c\u00f3ndor desde el momento en que fue rescatado, los ex\u00e1menes de salud, su rehabilitaci\u00f3n y evaluaci\u00f3n de pautas de comportamiento que le permitan sobrevivir en su entorno natural.<\/p>\n<p style=\"text-align: justify;\">\n<p style=\"text-align: justify;\">\n","protected":false},"excerpt":{"rendered":"<p class=\"excerpt\">El c\u00f3ndor juvenil &#8216;Quipo&#8217;, rescatado el pasado 15 de mayo en la provincia del Napo, fue liberado hoy en la Reserva Biol\u00f3gica Antisanilla, ubicada en las laderas occidentales del volc\u00e1n Antisana. El ejemplar es el tercer esp\u00e9cimen de su tipo en ser devuelto a su h\u00e1bitat natural con un rastreador satelital, bandas alares y un microchip de identificaci\u00f3n, dispositivos que&hellip; <a href=\"https:\/\/www.ambienteyenergia.gob.ec\/ambiente\/el-condor-quipo-es-el-tercer-ejemplar-en-ser-liberado-con-rastreador-satelital\/\">Read more &rarr;<\/a><\/p>\n","protected":false},"author":13,"featured_media":21206,"comment_status":"open","ping_status":"open","sticky":false,"template":"","format":"standard","meta":{"footnotes":""},"categories":[16,4],"tags":[],"class_list":["post-21205","post","type-post","status-publish","format-standard","has-post-thumbnail","hentry","category-comunicamos","category-noticias","xfolkentry"],"_links":{"self":[{"href":"https:\/\/www.ambienteyenergia.gob.ec\/ambiente\/wp-json\/wp\/v2\/posts\/21205","targetHints":{"allow":["GET"]}}],"collection":[{"href":"https:\/\/www.ambienteyenergia.gob.ec\/ambiente\/wp-json\/wp\/v2\/posts"}],"about":[{"href":"https:\/\/www.ambienteyenergia.gob.ec\/ambiente\/wp-json\/wp\/v2\/types\/post"}],"author":[{"embeddable":true,"href":"https:\/\/www.ambienteyenergia.gob.ec\/ambiente\/wp-json\/wp\/v2\/users\/13"}],"replies":[{"embeddable":true,"href":"https:\/\/www.ambienteyenergia.gob.ec\/ambiente\/wp-json\/wp\/v2\/comments?post=21205"}],"version-history":[{"count":0,"href":"https:\/\/www.ambienteyenergia.gob.ec\/ambiente\/wp-json\/wp\/v2\/posts\/21205\/revisions"}],"wp:featuredmedia":[{"embeddable":true,"href":"https:\/\/www.ambienteyenergia.gob.ec\/ambiente\/wp-json\/wp\/v2\/media\/21206"}],"wp:attachment":[{"href":"https:\/\/www.ambienteyenergia.gob.ec\/ambiente\/wp-json\/wp\/v2\/media?parent=21205"}],"wp:term":[{"taxonomy":"category","embeddable":true,"href":"https:\/\/www.ambienteyenergia.gob.ec\/ambiente\/wp-json\/wp\/v2\/categories?post=21205"},{"taxonomy":"post_tag","embeddable":true,"href":"https:\/\/www.ambienteyenergia.gob.ec\/ambiente\/wp-json\/wp\/v2\/tags?post=21205"}],"curies":[{"name":"wp","href":"https:\/\/api.w.org\/{rel}","templated":true}]}}