{"id":21198,"date":"2014-06-30T20:34:53","date_gmt":"2014-07-01T01:34:53","guid":{"rendered":"http:\/\/www.ambiente.gob.ec\/?p=21198"},"modified":"2014-06-30T21:32:21","modified_gmt":"2014-07-01T02:32:21","slug":"ministra-lorena-tapia-presento-el-nuevo-programa-nacional-de-incentivos-para-la-conservacion-y-uso-sostenible-del-patrimonio-natural","status":"publish","type":"post","link":"https:\/\/www.ambienteyenergia.gob.ec\/ambiente\/ministra-lorena-tapia-presento-el-nuevo-programa-nacional-de-incentivos-para-la-conservacion-y-uso-sostenible-del-patrimonio-natural\/","title":{"rendered":"Ministra Lorena Tapia present\u00f3 el nuevo Programa Nacional de Incentivos para la Conservaci\u00f3n y Uso Sostenible del Patrimonio Natural"},"content":{"rendered":"<p style=\"text-align: justify;\">\u00abEsta es una noche emblem\u00e1tica no solo para el Ministerio del Ambiente sino para el Ecuador\u00bb, con estas palabras, la Ministra del Ambiente, Lorena Tapia, dio inici\u00f3 a la presentaci\u00f3n del Programa Nacional de Incentivos para la Conservaci\u00f3n y Uso Sostenible del Patrimonio Natural, que tiene como objetivo principal promover la intervenci\u00f3n integral de paisajes en el territorio, bas\u00e1ndose en el manejo adecuado de bosques y el ordenamiento territorial para mejorar las condiciones de vida de los ecuatorianos. Esta estrategia representa un hito hist\u00f3rico que se encamina dentro de la pol\u00edtica de gobernanza de la sociedad del Buen Vivir.<\/p>\n<p style=\"text-align: justify;\">El evento que se desarroll\u00f3 hoy en el Museo Interactivo de Ciencias cont\u00f3 con la presencia de Christian Ter\u00e1n, Subsecretario de Patrimonio Natural; Max Lascano, Gerente del Programa Socio Bosque; delegados de diferentes carteras de Estado y representantes de la empresa privada.<\/p>\n<p style=\"text-align: justify;\">Esta iniciativa renovadora y estrat\u00e9gica, que integra a la conservaci\u00f3n y al desarrollo, es un alcance del Programa Nacional de Incentivos que surgi\u00f3 hace seis a\u00f1os con Socio Bosque, y que hoy, busca fusionar la protecci\u00f3n de los bosques con actividades productivas sostenibles. La idea es que el dinero de los incentivos se transforme en un capital de trabajo para obtener fuentes de financiamiento y sustento.<\/p>\n<p style=\"text-align: justify;\">\u00abEstoy segura que nuevamente el pa\u00eds ser\u00e1 un referente al plantear un programa estrat\u00e9gico y diferente, que podr\u00e1 ser ejemplo para pa\u00edses que tambi\u00e9n buscan\u00a0 el cuidado y protecci\u00f3n de su entorno en\u00a0 sinton\u00eda con el desarrollo econ\u00f3mico. Hoy demostramos que desarrollo, conservaci\u00f3n y calidad de vida son posibles\u00bb, asegur\u00f3 la M\u00e1xima Autoridad Ambiental en su intervenci\u00f3n.<\/p>\n<p style=\"text-align: justify;\">El Programa Nacional de Incentivos<b> <\/b>surgi\u00f3 luego de un an\u00e1lisis que realiz\u00f3 el Ministerio del Ambiente en el 2013, en el cual se pudo identificar que alrededor del 40% de los incentivos socio bosque estaban destinados a actividades productivas. Antes, la actividad finalizaba con la entrega del incentivo econ\u00f3mico, ahora el Ministerio del Ambiente decidi\u00f3 ir m\u00e1s all\u00e1, generando un mecanismo de \u00a0ayuda y soporte t\u00e9cnico \u00a0para las familias due\u00f1as de los bosques que as\u00ed mejoran tambi\u00e9n su calidad de vida.<\/p>\n<p style=\"text-align: justify;\">\u00abBuscamos que exista una conectividad del territorio, en el \u00e1rea productiva. Nosotros entregamos ese capital de trabajo para que pueda alinearse a cadenas de valor que est\u00e9n dentro de la matriz productiva, promoviendo un manejo forestal sostenible, basado en una pol\u00edtica de gobernanza del patrimonio natural\u00bb, ratific\u00f3 Tapia.<\/p>\n<p style=\"text-align: justify;\">Esta nueva visi\u00f3n del Patrimonio Natural est\u00e1 basada en seis componentes: restauraci\u00f3n y reforestaci\u00f3n, manejo forestal, biocomercio, servicios ecosist\u00e9micos, conservaci\u00f3n y facilitaci\u00f3n para la adjudicaci\u00f3n de tierras. Todo esto orientado en una visi\u00f3n integral que se enmarca en la normativa ambiental vigente, la gesti\u00f3n de paisajes, el ordenamiento territorial y el manejo de bosques y vida silvestre.<\/p>\n<p style=\"text-align: justify;\">Para finalizar, el Subsecretario de Patrimonio, Christian Ter\u00e1n, resalt\u00f3 que esta estrategia es gestionada de manera integral y complementaria y representa un desaf\u00edo para el Ministerio del Ambiente. \u00abEl Plan Nacional de Incentivos est\u00e1 orientado en dos direcciones, por un lado la integraci\u00f3n del saber local a la investigaci\u00f3n cient\u00edfica para poder valorar, sistematizar y generar estos conocimientos en el pa\u00eds para impulsar un desarrollo tecnol\u00f3gico, y por otro, est\u00e1 el tema de institucionalizar los procesos de generaci\u00f3n de la informaci\u00f3n y monitoreo de las condiciones de la conservaci\u00f3n de los ecosistemas\u00bb.<\/p>\n","protected":false},"excerpt":{"rendered":"<p class=\"excerpt\">\u00abEsta es una noche emblem\u00e1tica no solo para el Ministerio del Ambiente sino para el Ecuador\u00bb, con estas palabras, la Ministra del Ambiente, Lorena Tapia, dio inici\u00f3 a la presentaci\u00f3n del Programa Nacional de Incentivos para la Conservaci\u00f3n y Uso Sostenible del Patrimonio Natural, que tiene como objetivo principal promover la intervenci\u00f3n integral de paisajes en el territorio, bas\u00e1ndose en&hellip; <a href=\"https:\/\/www.ambienteyenergia.gob.ec\/ambiente\/ministra-lorena-tapia-presento-el-nuevo-programa-nacional-de-incentivos-para-la-conservacion-y-uso-sostenible-del-patrimonio-natural\/\">Read more &rarr;<\/a><\/p>\n","protected":false},"author":13,"featured_media":21200,"comment_status":"open","ping_status":"open","sticky":false,"template":"","format":"standard","meta":{"footnotes":""},"categories":[16,4],"tags":[],"class_list":["post-21198","post","type-post","status-publish","format-standard","has-post-thumbnail","hentry","category-comunicamos","category-noticias","xfolkentry"],"_links":{"self":[{"href":"https:\/\/www.ambienteyenergia.gob.ec\/ambiente\/wp-json\/wp\/v2\/posts\/21198","targetHints":{"allow":["GET"]}}],"collection":[{"href":"https:\/\/www.ambienteyenergia.gob.ec\/ambiente\/wp-json\/wp\/v2\/posts"}],"about":[{"href":"https:\/\/www.ambienteyenergia.gob.ec\/ambiente\/wp-json\/wp\/v2\/types\/post"}],"author":[{"embeddable":true,"href":"https:\/\/www.ambienteyenergia.gob.ec\/ambiente\/wp-json\/wp\/v2\/users\/13"}],"replies":[{"embeddable":true,"href":"https:\/\/www.ambienteyenergia.gob.ec\/ambiente\/wp-json\/wp\/v2\/comments?post=21198"}],"version-history":[{"count":0,"href":"https:\/\/www.ambienteyenergia.gob.ec\/ambiente\/wp-json\/wp\/v2\/posts\/21198\/revisions"}],"wp:featuredmedia":[{"embeddable":true,"href":"https:\/\/www.ambienteyenergia.gob.ec\/ambiente\/wp-json\/wp\/v2\/media\/21200"}],"wp:attachment":[{"href":"https:\/\/www.ambienteyenergia.gob.ec\/ambiente\/wp-json\/wp\/v2\/media?parent=21198"}],"wp:term":[{"taxonomy":"category","embeddable":true,"href":"https:\/\/www.ambienteyenergia.gob.ec\/ambiente\/wp-json\/wp\/v2\/categories?post=21198"},{"taxonomy":"post_tag","embeddable":true,"href":"https:\/\/www.ambienteyenergia.gob.ec\/ambiente\/wp-json\/wp\/v2\/tags?post=21198"}],"curies":[{"name":"wp","href":"https:\/\/api.w.org\/{rel}","templated":true}]}}