{"id":21195,"date":"2014-06-30T12:23:15","date_gmt":"2014-06-30T17:23:15","guid":{"rendered":"http:\/\/www.ambiente.gob.ec\/?p=21195"},"modified":"2014-06-30T16:25:55","modified_gmt":"2014-06-30T21:25:55","slug":"mae-realizo-proceso-de-diagnostico-y-evaluacion-de-las-practicas-de-manejo-sostenible-de-la-tierra-y-adaptacion-al-cambio-climatico-en-el-ecuador","status":"publish","type":"post","link":"https:\/\/www.ambienteyenergia.gob.ec\/ambiente\/mae-realizo-proceso-de-diagnostico-y-evaluacion-de-las-practicas-de-manejo-sostenible-de-la-tierra-y-adaptacion-al-cambio-climatico-en-el-ecuador\/","title":{"rendered":"MAE realiz\u00f3 proceso de diagn\u00f3stico y evaluaci\u00f3n de las pr\u00e1cticas de manejo sostenible de la tierra y adaptaci\u00f3n al cambio clim\u00e1tico en el Ecuador"},"content":{"rendered":"<p style=\"text-align: justify;\" align=\"JUSTIFY\"><span style=\"color: #000000;\">El Ministerio del Ambiente de Ecuador (MAE), a trav\u00e9s de la Subsecretar\u00eda de Cambio Clim\u00e1tico, organiz\u00f3 el I Taller de Levantamiento de Informaci\u00f3n para disponer de herramientas e insumos de informaci\u00f3n base respecto a la problem\u00e1tica de los procesos de desertificaci\u00f3n, degradaci\u00f3n de la tierra, sequ\u00eda (DDTS) y adaptaci\u00f3n al cambio clim\u00e1tico. El evento cont\u00f3 con la presencia de funcionarios y t\u00e9cnicos de organismos no gubernamentales, instituciones p\u00fablicas, profesionales y cient\u00edficos del sector privado, quienes implementan acciones relacionadas con la gesti\u00f3n de la desertificaci\u00f3n, degradaci\u00f3n de la tierra y la sequ\u00eda.<\/span><\/p>\n<p style=\"text-align: justify;\" align=\"JUSTIFY\"><span style=\"color: #000000;\">Este taller se realiz\u00f3 con el fin de socializar la gesti\u00f3n realizada por esta Cartera de Estado en los procesos de DDTS a nivel nacional, conocer e identificar los actores principales y sus acciones realizadas como parte de su lucha contra la desertificaci\u00f3n, degradaci\u00f3n de tierras y sequ\u00eda. <\/span><\/p>\n<p style=\"text-align: justify;\" align=\"JUSTIFY\"><span style=\"color: #000000;\">El MAE, como Autoridad Ambiental de la DDTS y Punto Focal Nacional ante la Convenci\u00f3n de Naciones Unidas para la Lucha contra la Desertificaci\u00f3n (CNULD) lidera iniciativas de mejoramiento en pr\u00e1cticas de uso, manejo y conservaci\u00f3n de recursos, denominadas pr\u00e1cticas de manejo sostenible de la tierra. Una de sus acciones m\u00e1s destacadas es la implementaci\u00f3n del proyecto \u00abGesti\u00f3n Integrada para la Lucha contra la Desertificaci\u00f3n, Degradaci\u00f3n de Tierras y Adaptaci\u00f3n al Cambio Clim\u00e1tico (GIDDACC)\u00bb, cuyo prop\u00f3sito es la implementaci\u00f3n de iniciativas locales de conservaci\u00f3n y desarrollo en las zonas priorizadas y afectadas, tales como Manab\u00ed, El Oro y Loja.<\/span><\/p>\n<p style=\"text-align: justify;\" align=\"JUSTIFY\"><span style=\"color: #000000;\">\u00c9ste fue un espacio de intercambio de conocimientos sobre temas como seguridad alimentaria, gesti\u00f3n de riesgos, manejo de recursos h\u00eddricos y la conservaci\u00f3n de la diversidad biol\u00f3gica. Los expertos t\u00e9cnicos tuvieron la oportunidad de compartir sus experiencias y buenas pr\u00e1cticas sobre el manejo sostenible de la tierra, con lo que fue posible evidenciar la necesidad de articular esfuerzos para fortalecer la capacidad de enfrentar la DDTS y ACC (Adaptaci\u00f3n al Cambio Clim\u00e1tico).<\/span><\/p>\n<p style=\"text-align: justify;\" align=\"JUSTIFY\"><span style=\"color: #000000;\">Al finalizar esta jornada de trabajo, se concretaron los primeros pasos para el inicio de la cooperaci\u00f3n intersectorial en la gesti\u00f3n del combate contra la DDTS-ACC a nivel nacional. <\/span><\/p>\n<p style=\"text-align: justify;\" align=\"JUSTIFY\"><span style=\"color: #000000;\">En base a la informaci\u00f3n recopilada, se construir\u00e1 un mapa de actores con el fin de dar seguimiento a los temas desarrollados durante el taller, y eventualmente se desarrollar\u00e1 una gesti\u00f3n conjunta para enfrentar la desertificaci\u00f3n, degradaci\u00f3n de tierras y sequ\u00eda en el pa\u00eds.<\/span><\/p>\n","protected":false},"excerpt":{"rendered":"<p class=\"excerpt\">El Ministerio del Ambiente de Ecuador (MAE), a trav\u00e9s de la Subsecretar\u00eda de Cambio Clim\u00e1tico, organiz\u00f3 el I Taller de Levantamiento de Informaci\u00f3n para disponer de herramientas e insumos de informaci\u00f3n base respecto a la problem\u00e1tica de los procesos de desertificaci\u00f3n, degradaci\u00f3n de la tierra, sequ\u00eda (DDTS) y adaptaci\u00f3n al cambio clim\u00e1tico. El evento cont\u00f3 con la presencia de funcionarios&hellip; <a href=\"https:\/\/www.ambienteyenergia.gob.ec\/ambiente\/mae-realizo-proceso-de-diagnostico-y-evaluacion-de-las-practicas-de-manejo-sostenible-de-la-tierra-y-adaptacion-al-cambio-climatico-en-el-ecuador\/\">Read more &rarr;<\/a><\/p>\n","protected":false},"author":13,"featured_media":21196,"comment_status":"open","ping_status":"open","sticky":false,"template":"","format":"standard","meta":{"footnotes":""},"categories":[16,4],"tags":[],"class_list":["post-21195","post","type-post","status-publish","format-standard","has-post-thumbnail","hentry","category-comunicamos","category-noticias","xfolkentry"],"_links":{"self":[{"href":"https:\/\/www.ambienteyenergia.gob.ec\/ambiente\/wp-json\/wp\/v2\/posts\/21195","targetHints":{"allow":["GET"]}}],"collection":[{"href":"https:\/\/www.ambienteyenergia.gob.ec\/ambiente\/wp-json\/wp\/v2\/posts"}],"about":[{"href":"https:\/\/www.ambienteyenergia.gob.ec\/ambiente\/wp-json\/wp\/v2\/types\/post"}],"author":[{"embeddable":true,"href":"https:\/\/www.ambienteyenergia.gob.ec\/ambiente\/wp-json\/wp\/v2\/users\/13"}],"replies":[{"embeddable":true,"href":"https:\/\/www.ambienteyenergia.gob.ec\/ambiente\/wp-json\/wp\/v2\/comments?post=21195"}],"version-history":[{"count":0,"href":"https:\/\/www.ambienteyenergia.gob.ec\/ambiente\/wp-json\/wp\/v2\/posts\/21195\/revisions"}],"wp:featuredmedia":[{"embeddable":true,"href":"https:\/\/www.ambienteyenergia.gob.ec\/ambiente\/wp-json\/wp\/v2\/media\/21196"}],"wp:attachment":[{"href":"https:\/\/www.ambienteyenergia.gob.ec\/ambiente\/wp-json\/wp\/v2\/media?parent=21195"}],"wp:term":[{"taxonomy":"category","embeddable":true,"href":"https:\/\/www.ambienteyenergia.gob.ec\/ambiente\/wp-json\/wp\/v2\/categories?post=21195"},{"taxonomy":"post_tag","embeddable":true,"href":"https:\/\/www.ambienteyenergia.gob.ec\/ambiente\/wp-json\/wp\/v2\/tags?post=21195"}],"curies":[{"name":"wp","href":"https:\/\/api.w.org\/{rel}","templated":true}]}}