{"id":21190,"date":"2014-06-30T08:54:02","date_gmt":"2014-06-30T13:54:02","guid":{"rendered":"http:\/\/www.ambiente.gob.ec\/?p=21190"},"modified":"2014-06-30T08:54:02","modified_gmt":"2014-06-30T13:54:02","slug":"un-gavilan-y-un-buho-fueron-liberados-con-exito-en-ambato","status":"publish","type":"post","link":"https:\/\/www.ambienteyenergia.gob.ec\/ambiente\/un-gavilan-y-un-buho-fueron-liberados-con-exito-en-ambato\/","title":{"rendered":"Un gavil\u00e1n y un b\u00faho fueron liberados con \u00e9xito en Ambato"},"content":{"rendered":"<p style=\"text-align: justify;\">El Ministerio del Ambiente (MAE), en coordinaci\u00f3n con funcionarios del albergue de animales del Gobierno Aut\u00f3nomo Descentralizado Municipalidad de Ambato (GADMA) y de Protecci\u00f3n Ambiental Ecuador (PAE), liberaron a un b\u00faho mochuelo (Glaucidiun parkeri) y a un gavil\u00e1n com\u00fan buteo polyosoma, rapaces nativas de los valles interandinos y los p\u00e1ramos.<\/p>\n<p style=\"text-align: justify;\">El gavil\u00e1n fue rescatado por unas personas en el sector del Coliseo de los Deportes de la ciudad de Ambato. El animal se encontraba caminando desorientado, con poca fuerza y sin poder volar, por lo que fue trasladado de inmediato a las instalaciones de PAE donde el veterinario Diego Barrera brind\u00f3 los primeros auxilios al ave, logrando estabilizarla.<\/p>\n<p style=\"text-align: justify;\">Por otra parte, el b\u00faho rescatado d\u00edas atr\u00e1s tambi\u00e9n en la ciudad de Ambato, luego de recibir atenci\u00f3n por parte de veterinarios de PAE durante 10 d\u00edas y de ser monitoreado permanente por funcionarios de la Direcci\u00f3n Provincial del Ambiente de Tungurahua recuper\u00f3 su fortaleza y estado de salud.<\/p>\n<p style=\"text-align: justify;\">La recuperaci\u00f3n de ambos ejemplares fue exitosa gracias a la adecuada intervenci\u00f3n del MAE, pues pasaron m\u00e1s de una \u00a0semana \u00a0recibiendo atenci\u00f3n especializada, medicamentos, vitaminas y una adecuada alimentaci\u00f3n. Despu\u00e9s de este proceso de estabilizaci\u00f3n, se decidi\u00f3 reinsertar nuevamente a las especies en su h\u00e1bitat natural.<\/p>\n<p style=\"text-align: justify;\">Tanto el gavil\u00e1n y el b\u00faho fueron liberados en los alrededores de la ciudad de Ambato. Los funcionarios del MAE con el apoyo del veterinario Diego Barrera y del personal del Albergue de animales del GADMA movilizaron a las aves hacia el sector del cerro Casigana, donde se busc\u00f3 un sitio estrat\u00e9gico con buena corriente de viento y aislado de zonas pobladas.<\/p>\n<p style=\"text-align: justify;\">El buteo observ\u00f3 el horizonte abri\u00f3 sus alas y desplego el vuelo, ascendi\u00f3 en forma circular y se fue volando con direcci\u00f3n noroccidental. El b\u00faho por su parte, vol\u00f3 un corto tramo, hizo una peque\u00f1a parada en el suelo y giro su cabeza de un lado al otro, mir\u00f3 a su alrededor con sus grandes y amarillos ojos como despidi\u00e9ndose, para remontar nuevamente su vuelo,\u00a0 intern\u00e1ndose en alguna parte de las laderas del Valle del R\u00edo Ambato.<\/p>\n<p style=\"text-align: justify;\">El Ministerio del Ambiente permanecer\u00e1 vigilante para salvaguardar el bienestar de estos ejemplares de vida silvestre que hoy retornan a su h\u00e1bitat con una nueva oportunidad para vivir libres.<\/p>\n<p style=\"text-align: justify;\">\n<p style=\"text-align: justify;\">\n","protected":false},"excerpt":{"rendered":"<p class=\"excerpt\">El Ministerio del Ambiente (MAE), en coordinaci\u00f3n con funcionarios del albergue de animales del Gobierno Aut\u00f3nomo Descentralizado Municipalidad de Ambato (GADMA) y de Protecci\u00f3n Ambiental Ecuador (PAE), liberaron a un b\u00faho mochuelo (Glaucidiun parkeri) y a un gavil\u00e1n com\u00fan buteo polyosoma, rapaces nativas de los valles interandinos y los p\u00e1ramos. El gavil\u00e1n fue rescatado por unas personas en el sector&hellip; <a href=\"https:\/\/www.ambienteyenergia.gob.ec\/ambiente\/un-gavilan-y-un-buho-fueron-liberados-con-exito-en-ambato\/\">Read more &rarr;<\/a><\/p>\n","protected":false},"author":13,"featured_media":21191,"comment_status":"open","ping_status":"open","sticky":false,"template":"","format":"standard","meta":{"footnotes":""},"categories":[16,4],"tags":[],"class_list":["post-21190","post","type-post","status-publish","format-standard","has-post-thumbnail","hentry","category-comunicamos","category-noticias","xfolkentry"],"_links":{"self":[{"href":"https:\/\/www.ambienteyenergia.gob.ec\/ambiente\/wp-json\/wp\/v2\/posts\/21190","targetHints":{"allow":["GET"]}}],"collection":[{"href":"https:\/\/www.ambienteyenergia.gob.ec\/ambiente\/wp-json\/wp\/v2\/posts"}],"about":[{"href":"https:\/\/www.ambienteyenergia.gob.ec\/ambiente\/wp-json\/wp\/v2\/types\/post"}],"author":[{"embeddable":true,"href":"https:\/\/www.ambienteyenergia.gob.ec\/ambiente\/wp-json\/wp\/v2\/users\/13"}],"replies":[{"embeddable":true,"href":"https:\/\/www.ambienteyenergia.gob.ec\/ambiente\/wp-json\/wp\/v2\/comments?post=21190"}],"version-history":[{"count":0,"href":"https:\/\/www.ambienteyenergia.gob.ec\/ambiente\/wp-json\/wp\/v2\/posts\/21190\/revisions"}],"wp:featuredmedia":[{"embeddable":true,"href":"https:\/\/www.ambienteyenergia.gob.ec\/ambiente\/wp-json\/wp\/v2\/media\/21191"}],"wp:attachment":[{"href":"https:\/\/www.ambienteyenergia.gob.ec\/ambiente\/wp-json\/wp\/v2\/media?parent=21190"}],"wp:term":[{"taxonomy":"category","embeddable":true,"href":"https:\/\/www.ambienteyenergia.gob.ec\/ambiente\/wp-json\/wp\/v2\/categories?post=21190"},{"taxonomy":"post_tag","embeddable":true,"href":"https:\/\/www.ambienteyenergia.gob.ec\/ambiente\/wp-json\/wp\/v2\/tags?post=21190"}],"curies":[{"name":"wp","href":"https:\/\/api.w.org\/{rel}","templated":true}]}}