{"id":21182,"date":"2014-06-27T17:05:47","date_gmt":"2014-06-27T22:05:47","guid":{"rendered":"http:\/\/www.ambiente.gob.ec\/?p=21182"},"modified":"2014-06-27T17:05:47","modified_gmt":"2014-06-27T22:05:47","slug":"mae-realizo-taller-de-capacitacion-y-de-intercambio-de-experiencias-sobre-manejo-de-orquideas-y-bioremediacion","status":"publish","type":"post","link":"https:\/\/www.ambienteyenergia.gob.ec\/ambiente\/mae-realizo-taller-de-capacitacion-y-de-intercambio-de-experiencias-sobre-manejo-de-orquideas-y-bioremediacion\/","title":{"rendered":"MAE realiz\u00f3 Taller de Capacitaci\u00f3n y de intercambio de experiencias sobre Manejo de Orqu\u00eddeas y bioremediaci\u00f3n"},"content":{"rendered":"<p style=\"text-align: justify;\">El Ministerio del Ambiente (MAE), a trav\u00e9s de la Direcci\u00f3n Provincial del Ambiente de Azuay, realiz\u00f3 un Taller sobre <b>\u00abIntercambio de experiencias sobre Manejo de<\/b> <b>Orqu\u00eddeas y bioremediaci\u00f3n\u00bb<\/b> en el orquideario ubicado en el cant\u00f3n Gualaceo.<\/p>\n<p style=\"text-align: justify;\">\n<p style=\"text-align: justify;\">El evento tuvo como objetivo brindar a los funcionarios de esta Cartera de Estado, herramientas necesarias y conocimientos generales sobre cultivo y conservaci\u00f3n de orquidearios, reproducci\u00f3n de plantas, climas existentes, permisos, entre otros temas.<\/p>\n<p style=\"text-align: justify;\">\n<p style=\"text-align: justify;\">La Unidad de Biodiversidad y Patrimonio Natural de esta dependencia, enfoc\u00f3 el taller en temas de conservaci\u00f3n de orqu\u00eddeas, en el cual expuso a los asistentes una variedad de 1 000 de orqu\u00eddeas, adem\u00e1s de su forma de cultivo y propagaci\u00f3n.<\/p>\n<p style=\"text-align: justify;\">\n<p style=\"text-align: justify;\">Las orqu\u00eddeas u orquid\u00e1ceas (<i>Orchidaceae<\/i>) son una familia de plantas monocotiled\u00f3neas que se distinguen por la complejidad de sus flores y por sus interacciones ecol\u00f3gicas, adem\u00e1s de su caracter\u00edsticas adaptativas de poder desarrollarse en el lugar en donde se las habit\u00faa.<\/p>\n<p style=\"text-align: justify;\">\n","protected":false},"excerpt":{"rendered":"<p class=\"excerpt\">El Ministerio del Ambiente (MAE), a trav\u00e9s de la Direcci\u00f3n Provincial del Ambiente de Azuay, realiz\u00f3 un Taller sobre \u00abIntercambio de experiencias sobre Manejo de Orqu\u00eddeas y bioremediaci\u00f3n\u00bb en el orquideario ubicado en el cant\u00f3n Gualaceo. El evento tuvo como objetivo brindar a los funcionarios de esta Cartera de Estado, herramientas necesarias y conocimientos generales sobre cultivo y conservaci\u00f3n de&hellip; <a href=\"https:\/\/www.ambienteyenergia.gob.ec\/ambiente\/mae-realizo-taller-de-capacitacion-y-de-intercambio-de-experiencias-sobre-manejo-de-orquideas-y-bioremediacion\/\">Read more &rarr;<\/a><\/p>\n","protected":false},"author":13,"featured_media":21183,"comment_status":"open","ping_status":"open","sticky":false,"template":"","format":"standard","meta":{"footnotes":""},"categories":[16,4],"tags":[],"class_list":["post-21182","post","type-post","status-publish","format-standard","has-post-thumbnail","hentry","category-comunicamos","category-noticias","xfolkentry"],"_links":{"self":[{"href":"https:\/\/www.ambienteyenergia.gob.ec\/ambiente\/wp-json\/wp\/v2\/posts\/21182","targetHints":{"allow":["GET"]}}],"collection":[{"href":"https:\/\/www.ambienteyenergia.gob.ec\/ambiente\/wp-json\/wp\/v2\/posts"}],"about":[{"href":"https:\/\/www.ambienteyenergia.gob.ec\/ambiente\/wp-json\/wp\/v2\/types\/post"}],"author":[{"embeddable":true,"href":"https:\/\/www.ambienteyenergia.gob.ec\/ambiente\/wp-json\/wp\/v2\/users\/13"}],"replies":[{"embeddable":true,"href":"https:\/\/www.ambienteyenergia.gob.ec\/ambiente\/wp-json\/wp\/v2\/comments?post=21182"}],"version-history":[{"count":0,"href":"https:\/\/www.ambienteyenergia.gob.ec\/ambiente\/wp-json\/wp\/v2\/posts\/21182\/revisions"}],"wp:featuredmedia":[{"embeddable":true,"href":"https:\/\/www.ambienteyenergia.gob.ec\/ambiente\/wp-json\/wp\/v2\/media\/21183"}],"wp:attachment":[{"href":"https:\/\/www.ambienteyenergia.gob.ec\/ambiente\/wp-json\/wp\/v2\/media?parent=21182"}],"wp:term":[{"taxonomy":"category","embeddable":true,"href":"https:\/\/www.ambienteyenergia.gob.ec\/ambiente\/wp-json\/wp\/v2\/categories?post=21182"},{"taxonomy":"post_tag","embeddable":true,"href":"https:\/\/www.ambienteyenergia.gob.ec\/ambiente\/wp-json\/wp\/v2\/tags?post=21182"}],"curies":[{"name":"wp","href":"https:\/\/api.w.org\/{rel}","templated":true}]}}