{"id":21179,"date":"2014-06-27T15:08:46","date_gmt":"2014-06-27T20:08:46","guid":{"rendered":"http:\/\/www.ambiente.gob.ec\/?p=21179"},"modified":"2014-06-27T15:08:46","modified_gmt":"2014-06-27T20:08:46","slug":"ministerio-del-ambiente-rescata-tres-especimenes-de-vida-silvestre-en-la-provincia-de-chimborazo","status":"publish","type":"post","link":"https:\/\/www.ambienteyenergia.gob.ec\/ambiente\/ministerio-del-ambiente-rescata-tres-especimenes-de-vida-silvestre-en-la-provincia-de-chimborazo\/","title":{"rendered":"Ministerio del Ambiente rescata tres espec\u00edmenes de vida silvestre en la provincia de Chimborazo"},"content":{"rendered":"<p style=\"text-align: justify;\">Durante la tarde de ayer, el Ministerio del Ambiente (MAE) registr\u00f3 el rescate de tres espec\u00edmenes de vida silvestre en la provincia de Chimborazo, producto de los operativos de control y concientizaci\u00f3n realizados en coordinaci\u00f3n con la Unidad de Protecci\u00f3n del Medio Ambiente (UPMA) de la Polic\u00eda Nacional.<\/p>\n<p style=\"text-align: justify;\">Un perico caretirrojo (<i>Aratinga erythrogenys<\/i>), un perico ojiblanco (<i>Aretinga leucophthalmus<\/i>) y una lora amazona harinosa (<i>Amazona farinosa<\/i>) que permanec\u00edan retenidos como mascotas en dos domicilios de las parroquias de Yaruqies y Lizarzaburu, del cant\u00f3n Riobamba, fueron entregados al MAE en aparente buen estado de salud para las evaluaciones respectivas.<\/p>\n<p style=\"text-align: justify;\">Estos espec\u00edmenes de vida silvestre seran entregados a las Direcciones Provinciales del Ambiente de Guayas (perico caretirrojo) y Napo (perico ojiblanco y lora amazona harinosa), para que puedan ser llevados a diferentes centros de rescate apropiados para su custodia temporal, con la finalidad de ser supervisados, rehabilitados y poder, as\u00ed reintroducirlos en sus h\u00e1bitats naturales, seg\u00fan la valoraci\u00f3n de t\u00e9cnicos de la Unidad de Vida Silvestre de esta Cartera de Estado.<\/p>\n<p style=\"text-align: justify;\">El MAE contin\u00faa realizando campa\u00f1as de concientizaci\u00f3n en la provincia de Chimborazo para explicar el riesgo y responsabilidad que implica tener espec\u00edmenes silvestres como mascotas.<\/p>\n<p style=\"text-align: justify;\">Adem\u00e1s se promueve la participaci\u00f3n activa de la ciudadan\u00eda para que entreguen de forma voluntaria o denuncien casos de tenencia ilegal, compra y\/o venta de estos animales, a trav\u00e9s de la l\u00ednea gratuita 1800 Ambiente (2624368) o al sitio web MAEtransparente (<a href=\"http:\/\/mesadeayuda.ambiente.gob.ec\/otrs\/customer.pl\">http:\/\/mesadeayuda.ambiente.gob.ec\/otrs\/customer.pl<\/a>)<\/p>\n<p style=\"text-align: justify;\">\n","protected":false},"excerpt":{"rendered":"<p class=\"excerpt\">Durante la tarde de ayer, el Ministerio del Ambiente (MAE) registr\u00f3 el rescate de tres espec\u00edmenes de vida silvestre en la provincia de Chimborazo, producto de los operativos de control y concientizaci\u00f3n realizados en coordinaci\u00f3n con la Unidad de Protecci\u00f3n del Medio Ambiente (UPMA) de la Polic\u00eda Nacional. Un perico caretirrojo (Aratinga erythrogenys), un perico ojiblanco (Aretinga leucophthalmus) y una&hellip; <a href=\"https:\/\/www.ambienteyenergia.gob.ec\/ambiente\/ministerio-del-ambiente-rescata-tres-especimenes-de-vida-silvestre-en-la-provincia-de-chimborazo\/\">Read more &rarr;<\/a><\/p>\n","protected":false},"author":13,"featured_media":21180,"comment_status":"open","ping_status":"open","sticky":false,"template":"","format":"standard","meta":{"footnotes":""},"categories":[16,4],"tags":[],"class_list":["post-21179","post","type-post","status-publish","format-standard","has-post-thumbnail","hentry","category-comunicamos","category-noticias","xfolkentry"],"_links":{"self":[{"href":"https:\/\/www.ambienteyenergia.gob.ec\/ambiente\/wp-json\/wp\/v2\/posts\/21179","targetHints":{"allow":["GET"]}}],"collection":[{"href":"https:\/\/www.ambienteyenergia.gob.ec\/ambiente\/wp-json\/wp\/v2\/posts"}],"about":[{"href":"https:\/\/www.ambienteyenergia.gob.ec\/ambiente\/wp-json\/wp\/v2\/types\/post"}],"author":[{"embeddable":true,"href":"https:\/\/www.ambienteyenergia.gob.ec\/ambiente\/wp-json\/wp\/v2\/users\/13"}],"replies":[{"embeddable":true,"href":"https:\/\/www.ambienteyenergia.gob.ec\/ambiente\/wp-json\/wp\/v2\/comments?post=21179"}],"version-history":[{"count":0,"href":"https:\/\/www.ambienteyenergia.gob.ec\/ambiente\/wp-json\/wp\/v2\/posts\/21179\/revisions"}],"wp:featuredmedia":[{"embeddable":true,"href":"https:\/\/www.ambienteyenergia.gob.ec\/ambiente\/wp-json\/wp\/v2\/media\/21180"}],"wp:attachment":[{"href":"https:\/\/www.ambienteyenergia.gob.ec\/ambiente\/wp-json\/wp\/v2\/media?parent=21179"}],"wp:term":[{"taxonomy":"category","embeddable":true,"href":"https:\/\/www.ambienteyenergia.gob.ec\/ambiente\/wp-json\/wp\/v2\/categories?post=21179"},{"taxonomy":"post_tag","embeddable":true,"href":"https:\/\/www.ambienteyenergia.gob.ec\/ambiente\/wp-json\/wp\/v2\/tags?post=21179"}],"curies":[{"name":"wp","href":"https:\/\/api.w.org\/{rel}","templated":true}]}}